{"id":19609,"date":"2021-05-18T14:58:15","date_gmt":"2021-05-18T20:58:15","guid":{"rendered":"https:\/\/informativoelvalledeaguascalientes.online\/?p=19609"},"modified":"2021-05-18T14:58:15","modified_gmt":"2021-05-18T20:58:15","slug":"accion-nacional-es-un-partido-unido-que-seguira-construyendo-un-aguascalientes-mejor-baez-leos","status":"publish","type":"post","link":"https:\/\/informativoelvalledeaguascalientes.online\/?p=19609","title":{"rendered":"ACCI\u00d3N NACIONAL ES UN PARTIDO UNIDO QUE SEGUIR\u00c1 CONSTRUYENDO UN AGUASCALIENTES MEJOR: B\u00c1EZ LEOS"},"content":{"rendered":"<p style=\"font-weight: 400;\">#informativoelvalledeaguascalientes #novaradioaguascalientes<\/p>\n<p style=\"font-weight: 400;\"><strong>\u00a0<\/strong><\/p>\n<ul>\n<li style=\"font-weight: 400;\"><strong> \u00a0<\/strong><strong>En Acci\u00f3n Nacional seguiremos abonando y construyendo pol\u00edticas p\u00fablicas en beneficio de las y los ciudadanos<\/strong><\/li>\n<li style=\"font-weight: 400;\"><strong>Aguascalientes, porque es un Estado donde se dan resultados donde existe un partido s\u00f3lido y fuerte: Julen Rementer\u00eda.<\/strong><\/li>\n<\/ul>\n<p style=\"font-weight: 400;\">\u00a0\u00a0 Luego de que la Comisi\u00f3n Permanente sesionara de manera extraordinaria para designar a las y los aspirantes a candidatos a diputados locales por los distritos XI, XIV, XV y XVII, para dar complimiento a la sentencia emitida por la Sala Regional, el presidente del PAN en Aguascalientes, se dijo convencido de que Acci\u00f3n Nacional seguir\u00e1 en la lucha, abonando y trabajando por y para las y los ciudadanos.<\/p>\n<p style=\"font-weight: 400;\">\u00a0\u00a0 \u201cCon estas nuevas designaciones, estoy seguro que seguiremos con esa tendencia ganadora, gracias a la gran labor que han realizado nuestros candidatos y candidatas\u201d, mencion\u00f3.<\/p>\n<p style=\"font-weight: 400;\">\u00a0\u00a0 B\u00e1ez Leos se dijo contento con la voluntad de los panistas que conforman la Comisi\u00f3n Permanente para poder llevar a cabo estas designaciones, demostrando as\u00ed que lo m\u00e1s importante es Aguascalientes y M\u00e9xico.<\/p>\n<p style=\"font-weight: 400;\">\u00a0\u00a0 Los aspirantes designados son: Mar\u00eda de Jes\u00fas D\u00edaz por el distrito XI, Quique Galo por el distrito XIV, Mayra Guadalupe Torres por el distrito XV y Max Ram\u00edrez por el distrito XVII, mientras que Paty Garc\u00eda se suma a la planilla de Leo Monta\u00f1ez como regidora y Gladys Ram\u00edrez a ser suplente en el distrito XVIII.<\/p>\n<p style=\"font-weight: 400;\">\u00a0\u00a0 \u201cTenemos un gran reto y estoy convencido de que en Acci\u00f3n Nacional seguiremos abonando y construyendo pol\u00edticas p\u00fablicas en beneficio de las y los ciudadanos de Aguascalientes\u201d, asegur\u00f3 Gustavo B\u00e1ez.<\/p>\n<p style=\"font-weight: 400;\">\u00a0\u00a0 En la rueda de prensa tambi\u00e9n estuvo presente el coordinador de senadores del PAN, Julen Rementer\u00eda del Puerto, dijo que es satisfactorio estar en Aguascalientes, porque es un Estado donde se dan resultados donde existe un partido s\u00f3lido y fuerte.<\/p>\n<p style=\"font-weight: 400;\">\u00a0\u00a0 \u201cSi se tienen que corregir las decisiones de un tribunal, se corrigen y se acatan, no como Morena y su presidente que pese a todo quiere imponer su voluntad y lo que estamos viendo en Acci\u00f3n Nacional es un s\u00edmbolo de uni\u00f3n en busca del bien com\u00fan\u201d, puntualiz\u00f3.<\/p>\n<p style=\"font-weight: 400;\">\u00a0\u00a0 Julen Rementer\u00eda dijo que Aguascalientes tiene buenos n\u00fameros gracias a sus buenos gobiernos y a sus buenos resultados, por lo que Morena y su presidente busca a toda costa frenar el triunfo arrollador en este Estado.<\/p>\n<p style=\"font-weight: 400;\">\u00a0\u00a0 \u201cMorena est\u00e1 perdido, no hay seguridad, no hay salud, ni econom\u00eda, por lo que urge un equilibrio de fuerzas en las c\u00e1maras para as\u00ed acabar con lo que las han convertido, unas oficinas de tr\u00e1mite del presidente\u201d, mencion\u00f3.<\/p>\n<p style=\"font-weight: 400;\">\u00a0\u00a0 Para finalizar, el coordinador de senadores, dio todo su respaldo a la senadora Martha M\u00e1rquez, por la violencia de g\u00e9nero de la que ha sido objeto a \u00faltimas fechas, asegurando que juntos llegar\u00e1n hasta las \u00faltimas consecuencias.<\/p>\n<p style=\"font-weight: 400;\">\u00a0\u00a0 En la rueda de prensa tambi\u00e9n estuvo presente el senador To\u00f1o Mart\u00edn del Campo.<\/p>\n","protected":false},"excerpt":{"rendered":"<p>#informativoelvalledeaguascalientes #novaradioaguascalientes \u00a0 \u00a0En Acci\u00f3n Nacional seguiremos abonando y construyendo pol\u00edticas p\u00fablicas en beneficio de las y los ciudadanos Aguascalientes, porque es un Estado donde se dan resultados donde existe un partido s\u00f3lido y fuerte: Julen Rementer\u00eda. \u00a0\u00a0 Luego de que la Comisi\u00f3n Permanente sesionara de manera extraordinaria para designar a las y los aspirantes [&hellip;]<\/p>\n","protected":false},"author":1,"featured_media":19610,"comment_status":"closed","ping_status":"open","sticky":false,"template":"","format":"standard","meta":{"advanced_seo_description":"","jetpack_seo_html_title":"","jetpack_seo_noindex":false,"_jetpack_memberships_contains_paid_content":false,"footnotes":"","jetpack_publicize_message":"","jetpack_publicize_feature_enabled":true,"jetpack_social_post_already_shared":true,"jetpack_social_options":{"image_generator_settings":{"template":"highway","default_image_id":0,"font":"","enabled":false},"version":2}},"categories":[21,19,7,6],"tags":[22,232,23],"class_list":["post-19609","post","type-post","status-publish","format-standard","has-post-thumbnail","hentry","category-aguascalientes","category-informacion-general","category-pan-aguascalientes","category-partidos-politicos","tag-aguascalientes","tag-informacion-general","tag-pan-aguascalientes"],"jetpack_publicize_connections":[],"jetpack_featured_media_url":"https:\/\/i0.wp.com\/informativoelvalledeaguascalientes.online\/wp-content\/uploads\/2021\/05\/PAN_AGS_18052021.jpg?fit=1406%2C937&ssl=1","jetpack-related-posts":[],"jetpack_sharing_enabled":true,"jetpack_likes_enabled":true,"_links":{"self":[{"href":"https:\/\/informativoelvalledeaguascalientes.online\/index.php?rest_route=\/wp\/v2\/posts\/19609","targetHints":{"allow":["GET"]}}],"collection":[{"href":"https:\/\/informativoelvalledeaguascalientes.online\/index.php?rest_route=\/wp\/v2\/posts"}],"about":[{"href":"https:\/\/informativoelvalledeaguascalientes.online\/index.php?rest_route=\/wp\/v2\/types\/post"}],"author":[{"embeddable":true,"href":"https:\/\/informativoelvalledeaguascalientes.online\/index.php?rest_route=\/wp\/v2\/users\/1"}],"replies":[{"embeddable":true,"href":"https:\/\/informativoelvalledeaguascalientes.online\/index.php?rest_route=%2Fwp%2Fv2%2Fcomments&post=19609"}],"version-history":[{"count":1,"href":"https:\/\/informativoelvalledeaguascalientes.online\/index.php?rest_route=\/wp\/v2\/posts\/19609\/revisions"}],"predecessor-version":[{"id":19611,"href":"https:\/\/informativoelvalledeaguascalientes.online\/index.php?rest_route=\/wp\/v2\/posts\/19609\/revisions\/19611"}],"wp:featuredmedia":[{"embeddable":true,"href":"https:\/\/informativoelvalledeaguascalientes.online\/index.php?rest_route=\/wp\/v2\/media\/19610"}],"wp:attachment":[{"href":"https:\/\/informativoelvalledeaguascalientes.online\/index.php?rest_route=%2Fwp%2Fv2%2Fmedia&parent=19609"}],"wp:term":[{"taxonomy":"category","embeddable":true,"href":"https:\/\/informativoelvalledeaguascalientes.online\/index.php?rest_route=%2Fwp%2Fv2%2Fcategories&post=19609"},{"taxonomy":"post_tag","embeddable":true,"href":"https:\/\/informativoelvalledeaguascalientes.online\/index.php?rest_route=%2Fwp%2Fv2%2Ftags&post=19609"}],"curies":[{"name":"wp","href":"https:\/\/api.w.org\/{rel}","templated":true}]}}