{"id":19605,"date":"2021-05-17T21:18:34","date_gmt":"2021-05-18T03:18:34","guid":{"rendered":"https:\/\/informativoelvalledeaguascalientes.online\/?p=19605"},"modified":"2021-05-17T21:18:34","modified_gmt":"2021-05-18T03:18:34","slug":"valora-leo-montanez-amistades-que-perduran-y-confluyen-en-un-proyecto-comun","status":"publish","type":"post","link":"https:\/\/informativoelvalledeaguascalientes.online\/?p=19605","title":{"rendered":"VALORA LEO MONTA\u00d1EZ AMISTADES QUE PERDURAN Y CONFLUYEN EN UN PROYECTO COM\u00daN"},"content":{"rendered":"<p><strong><br \/>\n#informativoelvalledeaguascalientes , #novaradioaguascalientes<br \/>\n<\/strong><\/p>\n<p>En mis recorridos diarios por la ciudad, me da mucho gusto encontrarme y saludar a quienes fueron mis compa\u00f1eros en alg\u00fan momento de mi vida; me di\u00f3 gusto saludar a mi amigo Gustavo quien fue mi compa\u00f1ero en el CBTIS 168 de donde tenemos muy buenos recuerdos.<\/p>\n<p>Le coment\u00e9 que trabajar\u00e9 d\u00eda a d\u00eda para que juntos todos construyamos\u2026 #NuestraPropiaHuella.<\/p>\n","protected":false},"excerpt":{"rendered":"<p>#informativoelvalledeaguascalientes , #novaradioaguascalientes En mis recorridos diarios por la ciudad, me da mucho gusto encontrarme y saludar a quienes fueron mis compa\u00f1eros en alg\u00fan momento de mi vida; me di\u00f3 gusto saludar a mi amigo Gustavo quien fue mi compa\u00f1ero en el CBTIS 168 de donde tenemos muy buenos recuerdos. Le coment\u00e9 que trabajar\u00e9 d\u00eda [&hellip;]<\/p>\n","protected":false},"author":1,"featured_media":19606,"comment_status":"closed","ping_status":"open","sticky":false,"template":"","format":"standard","meta":{"advanced_seo_description":"","jetpack_seo_html_title":"","jetpack_seo_noindex":false,"_jetpack_memberships_contains_paid_content":false,"footnotes":"","jetpack_publicize_message":"","jetpack_publicize_feature_enabled":true,"jetpack_social_post_already_shared":true,"jetpack_social_options":{"image_generator_settings":{"template":"highway","default_image_id":0,"font":"","enabled":false},"version":2}},"categories":[21,7,8],"tags":[22,429,23,40],"class_list":["post-19605","post","type-post","status-publish","format-standard","has-post-thumbnail","hentry","category-aguascalientes","category-pan-aguascalientes","category-prd-aguascalientes","tag-aguascalientes","tag-leonardo-montanez-castro","tag-pan-aguascalientes","tag-prd-aguascalientes"],"jetpack_publicize_connections":[],"jetpack_featured_media_url":"https:\/\/i0.wp.com\/informativoelvalledeaguascalientes.online\/wp-content\/uploads\/2021\/05\/WhatsApp-Image-2021-05-17-at-9.39.46-PM.jpeg?fit=1080%2C647&ssl=1","jetpack-related-posts":[],"jetpack_sharing_enabled":true,"jetpack_likes_enabled":true,"_links":{"self":[{"href":"https:\/\/informativoelvalledeaguascalientes.online\/index.php?rest_route=\/wp\/v2\/posts\/19605","targetHints":{"allow":["GET"]}}],"collection":[{"href":"https:\/\/informativoelvalledeaguascalientes.online\/index.php?rest_route=\/wp\/v2\/posts"}],"about":[{"href":"https:\/\/informativoelvalledeaguascalientes.online\/index.php?rest_route=\/wp\/v2\/types\/post"}],"author":[{"embeddable":true,"href":"https:\/\/informativoelvalledeaguascalientes.online\/index.php?rest_route=\/wp\/v2\/users\/1"}],"replies":[{"embeddable":true,"href":"https:\/\/informativoelvalledeaguascalientes.online\/index.php?rest_route=%2Fwp%2Fv2%2Fcomments&post=19605"}],"version-history":[{"count":1,"href":"https:\/\/informativoelvalledeaguascalientes.online\/index.php?rest_route=\/wp\/v2\/posts\/19605\/revisions"}],"predecessor-version":[{"id":19607,"href":"https:\/\/informativoelvalledeaguascalientes.online\/index.php?rest_route=\/wp\/v2\/posts\/19605\/revisions\/19607"}],"wp:featuredmedia":[{"embeddable":true,"href":"https:\/\/informativoelvalledeaguascalientes.online\/index.php?rest_route=\/wp\/v2\/media\/19606"}],"wp:attachment":[{"href":"https:\/\/informativoelvalledeaguascalientes.online\/index.php?rest_route=%2Fwp%2Fv2%2Fmedia&parent=19605"}],"wp:term":[{"taxonomy":"category","embeddable":true,"href":"https:\/\/informativoelvalledeaguascalientes.online\/index.php?rest_route=%2Fwp%2Fv2%2Fcategories&post=19605"},{"taxonomy":"post_tag","embeddable":true,"href":"https:\/\/informativoelvalledeaguascalientes.online\/index.php?rest_route=%2Fwp%2Fv2%2Ftags&post=19605"}],"curies":[{"name":"wp","href":"https:\/\/api.w.org\/{rel}","templated":true}]}}