{"id":19591,"date":"2021-05-17T20:10:01","date_gmt":"2021-05-18T02:10:01","guid":{"rendered":"https:\/\/informativoelvalledeaguascalientes.online\/?p=19591"},"modified":"2021-05-17T20:10:01","modified_gmt":"2021-05-18T02:10:01","slug":"el-profe-chava-torres-y-matias-marin-gallo-hombres-de-valores-y-principios","status":"publish","type":"post","link":"https:\/\/informativoelvalledeaguascalientes.online\/?p=19591","title":{"rendered":"EL PROFE CHAVA TORRES Y MAT\u00cdAS MAR\u00cdN GALLO: HOMBRES DE VALORES Y PRINCIPIOS"},"content":{"rendered":"<p style=\"font-weight: 400;\"><strong><br \/>\n#informativoelvalledeaguascalientes , #novaradioaguascalientes<br \/>\n<\/strong><\/p>\n<p style=\"font-weight: 400;\">&#8211;\u00a0\u00a0\u00a0\u00a0\u00a0\u00a0\u00a0Queremos que el PRI regrese a las administraciones municipales, con esa voluntad y disposici\u00f3n seguiremos trabajando por el buen rumbo, sin confiarnos, reforzando el camino, reflexionado y apuntalando las campa\u00f1as cerrando filas: Antonio Lugo<\/p>\n<p style=\"font-weight: 400;\">\n<p style=\"font-weight: 400;\">&#8211;\u00a0\u00a0\u00a0\u00a0\u00a0\u00a0\u00a0Necesitamos sociedad y gobierno edificar las bases que nos permita el inicio del desarrollo que tanto requiere nuestro municipio: Chava Torres<\/p>\n<p style=\"font-weight: 400;\">\n<p style=\"font-weight: 400;\">\n<p style=\"font-weight: 400;\">El profe Chava Torres candidato a presidente municipal de Cos\u00edo y Mat\u00edas Mar\u00edn Gallo, candidato a la diputaci\u00f3n por el distrito 1 local, son hombres de valores y principios que trabajar\u00e1n de manera incluyente y honesta a favor de la ciudadan\u00eda, asegur\u00f3 el delegado del CEN y presidente del CDE del PRI, Antonio Lugo Morales.<\/p>\n<p style=\"font-weight: 400;\">\n<p style=\"font-weight: 400;\">Presente el dirigente estatal en el municipio de Cos\u00edo, en compa\u00f1\u00eda de la secretaria general del CDE, Leslie Atilano\u00a0y el secretario de organizaci\u00f3n, Juan Eduardo Hern\u00e1ndez Tavera, con el respaldo de dirigentes de sectores y organizaciones, acudimos a realizar una activaci\u00f3n con la militancia y simpatizantes en las principales calles de la cabecera municipal.<\/p>\n<p style=\"font-weight: 400;\">\n<p style=\"font-weight: 400;\">\u201cEstamos acompa\u00f1ando a todas y todos nuestros candidatos y a gente nos dice: no m\u00e1s PAN, no m\u00e1s MORENA, queremos que el PRI regrese a las administraciones, con esa voluntad y disposici\u00f3n seguiremos trabajando por el buen rumbo, sin confiarnos, reforzando el camino, reflexionado y apuntalando las campa\u00f1as cerrando filas para que las personas de Cos\u00edo y sus comunidades vean que seguimos trabajando para tener un buen resultado\u201d.<\/p>\n<p style=\"font-weight: 400;\">\n<p style=\"font-weight: 400;\">Mat\u00edas Mar\u00edn Gallo, hombre de campo, de trabajo, persona responsable, de trabajo y de origen priista desde sus abuelos y padres, se comprometi\u00f3 a trabajar de la mano con la ciudadan\u00eda y con el profe Chava para sacar a Cos\u00edo adelante con su trabajo legislativo.<\/p>\n<p style=\"font-weight: 400;\">\n<p style=\"font-weight: 400;\">Por su parte el profe Chava Torres, propone temas como: servicios p\u00fablicos; educaci\u00f3n; salud; obra p\u00fablica; deporte; seguridad y respaldo al sector agropecuario.<\/p>\n<p style=\"font-weight: 400;\">\n<p style=\"font-weight: 400;\">\u201cLa prioridad para m\u00ed son los ciudadanos, desde los adultos mayores, los ni\u00f1os, los j\u00f3venes, las mujeres, trabajar\u00e9 para que los ciudadanos tengan un mejor futuro, que construyamos juntos un mejor Cos\u00edo, necesitamos sociedad y gobierno edificar las bases que nos permita el inicio del desarrollo que tanto requiere nuestro municipio\u201d.<\/p>\n<p style=\"font-weight: 400;\">\n<p style=\"font-weight: 400;\">\n","protected":false},"excerpt":{"rendered":"<p>#informativoelvalledeaguascalientes , #novaradioaguascalientes &#8211;\u00a0\u00a0\u00a0\u00a0\u00a0\u00a0\u00a0Queremos que el PRI regrese a las administraciones municipales, con esa voluntad y disposici\u00f3n seguiremos trabajando por el buen rumbo, sin confiarnos, reforzando el camino, reflexionado y apuntalando las campa\u00f1as cerrando filas: Antonio Lugo &#8211;\u00a0\u00a0\u00a0\u00a0\u00a0\u00a0\u00a0Necesitamos sociedad y gobierno edificar las bases que nos permita el inicio del desarrollo que tanto requiere nuestro [&hellip;]<\/p>\n","protected":false},"author":1,"featured_media":19592,"comment_status":"closed","ping_status":"open","sticky":false,"template":"","format":"standard","meta":{"advanced_seo_description":"","jetpack_seo_html_title":"","jetpack_seo_noindex":false,"_jetpack_memberships_contains_paid_content":false,"footnotes":"","jetpack_publicize_message":"","jetpack_publicize_feature_enabled":true,"jetpack_social_post_already_shared":true,"jetpack_social_options":{"image_generator_settings":{"template":"highway","default_image_id":0,"font":"","enabled":false},"version":2}},"categories":[21,9],"tags":[22,33],"class_list":["post-19591","post","type-post","status-publish","format-standard","has-post-thumbnail","hentry","category-aguascalientes","category-pri-aguascalientes","tag-aguascalientes","tag-pri-aguascalientes-cde"],"jetpack_publicize_connections":[],"jetpack_featured_media_url":"https:\/\/i0.wp.com\/informativoelvalledeaguascalientes.online\/wp-content\/uploads\/2021\/05\/PRI-COSIO-2.jpg?fit=1805%2C1200&ssl=1","jetpack-related-posts":[],"jetpack_sharing_enabled":true,"jetpack_likes_enabled":true,"_links":{"self":[{"href":"https:\/\/informativoelvalledeaguascalientes.online\/index.php?rest_route=\/wp\/v2\/posts\/19591","targetHints":{"allow":["GET"]}}],"collection":[{"href":"https:\/\/informativoelvalledeaguascalientes.online\/index.php?rest_route=\/wp\/v2\/posts"}],"about":[{"href":"https:\/\/informativoelvalledeaguascalientes.online\/index.php?rest_route=\/wp\/v2\/types\/post"}],"author":[{"embeddable":true,"href":"https:\/\/informativoelvalledeaguascalientes.online\/index.php?rest_route=\/wp\/v2\/users\/1"}],"replies":[{"embeddable":true,"href":"https:\/\/informativoelvalledeaguascalientes.online\/index.php?rest_route=%2Fwp%2Fv2%2Fcomments&post=19591"}],"version-history":[{"count":1,"href":"https:\/\/informativoelvalledeaguascalientes.online\/index.php?rest_route=\/wp\/v2\/posts\/19591\/revisions"}],"predecessor-version":[{"id":19593,"href":"https:\/\/informativoelvalledeaguascalientes.online\/index.php?rest_route=\/wp\/v2\/posts\/19591\/revisions\/19593"}],"wp:featuredmedia":[{"embeddable":true,"href":"https:\/\/informativoelvalledeaguascalientes.online\/index.php?rest_route=\/wp\/v2\/media\/19592"}],"wp:attachment":[{"href":"https:\/\/informativoelvalledeaguascalientes.online\/index.php?rest_route=%2Fwp%2Fv2%2Fmedia&parent=19591"}],"wp:term":[{"taxonomy":"category","embeddable":true,"href":"https:\/\/informativoelvalledeaguascalientes.online\/index.php?rest_route=%2Fwp%2Fv2%2Fcategories&post=19591"},{"taxonomy":"post_tag","embeddable":true,"href":"https:\/\/informativoelvalledeaguascalientes.online\/index.php?rest_route=%2Fwp%2Fv2%2Ftags&post=19591"}],"curies":[{"name":"wp","href":"https:\/\/api.w.org\/{rel}","templated":true}]}}