{"id":19570,"date":"2021-05-16T23:30:18","date_gmt":"2021-05-17T05:30:18","guid":{"rendered":"https:\/\/informativoelvalledeaguascalientes.online\/?p=19570"},"modified":"2021-05-16T23:30:18","modified_gmt":"2021-05-17T05:30:18","slug":"congreso-del-estado-de-aguascalientes-develo-con-letras-doradas-magisterio-del-estado-de-aguascalientes","status":"publish","type":"post","link":"https:\/\/informativoelvalledeaguascalientes.online\/?p=19570","title":{"rendered":"CONGRESO DEL ESTADO DE AGUASCALIENTES DEVEL\u00d3 CON LETRAS DORADAS \u201cMAGISTERIO DEL ESTADO DE AGUASCALIENTES\u201d"},"content":{"rendered":"<p><strong>#informativoelvalledeaguascalientes , #novaradioaguascalientes<br \/>\n<\/strong><\/p>\n<ul>\n<li><strong>\u00a0<\/strong><em>En sesi\u00f3n solemne, el Pleno de la LXIV Legislatura, ratific\u00f3 su reconocimiento a la labor que desempe\u00f1an las y los docentes en la entidad.<\/em><\/li>\n<\/ul>\n<p><em>\u00a0<\/em><\/p>\n<p>A partir de este jueves, una de las paredes del Recinto Oficial de Sesiones del Poder Legislativo del Estado de Aguascalientes Soberana Convenci\u00f3n Revolucionaria de Aguascalientes, lleva el nombre con letras doradas, de Magisterio de Aguascalientes, en reconocimiento a la labor y contribuci\u00f3n a la consolidaci\u00f3n del sistema educativo, de las y los docentes de la entidad.<\/p>\n<p>&nbsp;<\/p>\n<p>En sesi\u00f3n, con car\u00e1cter de solemne, el Pleno de la LXIV Legislatura del H. Congreso del Estado de Aguascalientes hizo la develaci\u00f3n, con la firme convicci\u00f3n de impulsar el fortalecimiento de las pol\u00edticas p\u00fablicas que actualicen y mejoren la educaci\u00f3n en Aguascalientes, estableciendo como prioridad el desarrollo del alumnado.<\/p>\n<p>&nbsp;<\/p>\n<p>Ante la presencia de representantes del gremio magisterial y del Instituto de Educaci\u00f3n de Aguascalientes (IEA), el presidente de la Mesa Directiva, diputado Jorge Saucedo Gayt\u00e1n, al hacer uso de la palabra desde la m\u00e1xima tribuna del Estado, afirm\u00f3 que la educaci\u00f3n es uno de los factores que m\u00e1s influye en el avance y el progreso de la sociedad, adem\u00e1s de que enriquece la cultura, el esp\u00edritu, los valores y todo aquello que caracteriza al ser humano.<\/p>\n<p>Enfatiz\u00f3 que gracias a la educaci\u00f3n en las aulas, la sociedad puede alcanzar mejores niveles de bienestar social y de crecimiento econ\u00f3mico, le permitir\u00e1 acceder a mejores niveles de empleo, fortalecer la democracia y el Estado de derecho.<\/p>\n<p>Saucedo Gayt\u00e1n, recalc\u00f3 que todo esto se debe al esfuerzo y dedicaci\u00f3n que emprenden a diario las y los docentes de Aguascalientes, pues son adem\u00e1s facilitadores de conocimiento, pero tambi\u00e9n transformadores culturales y sociales\u201d.<\/p>\n<p>Adem\u00e1s, \u201cdesde las aulas tienen el honor de servir a M\u00e9xico, maestras y maestros de Aguascalientes, gracias por su labor noble labor\u201d.<\/p>\n","protected":false},"excerpt":{"rendered":"<p>#informativoelvalledeaguascalientes , #novaradioaguascalientes \u00a0En sesi\u00f3n solemne, el Pleno de la LXIV Legislatura, ratific\u00f3 su reconocimiento a la labor que desempe\u00f1an las y los docentes en la entidad. \u00a0 A partir de este jueves, una de las paredes del Recinto Oficial de Sesiones del Poder Legislativo del Estado de Aguascalientes Soberana Convenci\u00f3n Revolucionaria de Aguascalientes, lleva [&hellip;]<\/p>\n","protected":false},"author":1,"featured_media":19571,"comment_status":"closed","ping_status":"open","sticky":false,"template":"","format":"standard","meta":{"_monsterinsights_skip_tracking":false,"advanced_seo_description":"","jetpack_seo_html_title":"","jetpack_seo_noindex":false,"jetpack_seo_schema_type":"","_jetpack_newsletter_access":"","_jetpack_dont_email_post_to_subs":false,"_jetpack_newsletter_tier_id":0,"_jetpack_memberships_contains_paywalled_content":false,"_jetpack_feature_clip_id":0,"_jetpack_memberships_contains_paid_content":false,"footnotes":"","jetpack_publicize_message":"","jetpack_publicize_feature_enabled":true,"jetpack_social_post_already_shared":true,"jetpack_social_options":{"image_generator_settings":{"template":"highway","default_image_id":0,"font":"","enabled":false},"version":2},"jetpack_post_was_ever_published":false},"categories":[21,5,19],"tags":[22,39,44],"class_list":["post-19570","post","type-post","status-publish","format-standard","has-post-thumbnail","hentry","category-aguascalientes","category-h-congreso-del-estado-aguascalientes","category-informacion-general","tag-aguascalientes","tag-iea","tag-lxiv-legislatura-aguascalientes"],"jetpack_publicize_connections":[],"jetpack_featured_media_url":"https:\/\/i0.wp.com\/informativoelvalledeaguascalientes.online\/wp-content\/uploads\/2021\/05\/Diseno-sin-titulo-1.png?fit=940%2C788&ssl=1","jetpack-related-posts":[],"jetpack_sharing_enabled":true,"jetpack_likes_enabled":true,"_links":{"self":[{"href":"https:\/\/informativoelvalledeaguascalientes.online\/index.php?rest_route=\/wp\/v2\/posts\/19570","targetHints":{"allow":["GET"]}}],"collection":[{"href":"https:\/\/informativoelvalledeaguascalientes.online\/index.php?rest_route=\/wp\/v2\/posts"}],"about":[{"href":"https:\/\/informativoelvalledeaguascalientes.online\/index.php?rest_route=\/wp\/v2\/types\/post"}],"author":[{"embeddable":true,"href":"https:\/\/informativoelvalledeaguascalientes.online\/index.php?rest_route=\/wp\/v2\/users\/1"}],"replies":[{"embeddable":true,"href":"https:\/\/informativoelvalledeaguascalientes.online\/index.php?rest_route=%2Fwp%2Fv2%2Fcomments&post=19570"}],"version-history":[{"count":1,"href":"https:\/\/informativoelvalledeaguascalientes.online\/index.php?rest_route=\/wp\/v2\/posts\/19570\/revisions"}],"predecessor-version":[{"id":19572,"href":"https:\/\/informativoelvalledeaguascalientes.online\/index.php?rest_route=\/wp\/v2\/posts\/19570\/revisions\/19572"}],"wp:featuredmedia":[{"embeddable":true,"href":"https:\/\/informativoelvalledeaguascalientes.online\/index.php?rest_route=\/wp\/v2\/media\/19571"}],"wp:attachment":[{"href":"https:\/\/informativoelvalledeaguascalientes.online\/index.php?rest_route=%2Fwp%2Fv2%2Fmedia&parent=19570"}],"wp:term":[{"taxonomy":"category","embeddable":true,"href":"https:\/\/informativoelvalledeaguascalientes.online\/index.php?rest_route=%2Fwp%2Fv2%2Fcategories&post=19570"},{"taxonomy":"post_tag","embeddable":true,"href":"https:\/\/informativoelvalledeaguascalientes.online\/index.php?rest_route=%2Fwp%2Fv2%2Ftags&post=19570"}],"curies":[{"name":"wp","href":"https:\/\/api.w.org\/{rel}","templated":true}]}}