{"id":19460,"date":"2021-05-14T21:38:27","date_gmt":"2021-05-15T03:38:27","guid":{"rendered":"https:\/\/informativoelvalledeaguascalientes.online\/?p=19460"},"modified":"2021-05-14T21:38:27","modified_gmt":"2021-05-15T03:38:27","slug":"dialoga-mos-con-alumnas-y-alumnos-beneficiarios-de-fibeipes","status":"publish","type":"post","link":"https:\/\/informativoelvalledeaguascalientes.online\/?p=19460","title":{"rendered":"DIALOGA MOS CON ALUMNAS Y ALUMNOS BENEFICIARIOS DE FIBEIPES"},"content":{"rendered":"<p dir=\"ltr\">#informativoelvalledeaguascalientes\u00a0 #novaradioaguascalientes<\/p>\n<ul>\n<li dir=\"ltr\">\n<p dir=\"ltr\">La falta de recursos, la situaci\u00f3n familiar, los problemas de conectividad y la\u00a0 distancia entre hogar y escuela, factores que minan el desarrollo educativo<\/p>\n<\/li>\n<li dir=\"ltr\">\n<p dir=\"ltr\">La educaci\u00f3n superior es la v\u00eda para mejorar la calidad de vida de las familias: MOS<\/p>\n<\/li>\n<\/ul>\n<p>&nbsp;<\/p>\n<p dir=\"ltr\">En un di\u00e1logo abierto con alumnas y alumnos que han sido beneficiados con alguna beca del programa para Estudiantes de Instituciones P\u00fablicas de Educaci\u00f3n Superior en el Estado de Aguascalientes (FIBEIPES), el gobernador Mart\u00edn Orozco Sandoval conoci\u00f3 la situaci\u00f3n de las y los j\u00f3venes que dependen de est\u00edmulos como estos para poder continuar con su formaci\u00f3n.<\/p>\n<p dir=\"ltr\">\n<p dir=\"ltr\">Las y los asistentes compartieron sus experiencias personales respecto a las dificultades econ\u00f3micas a las se han enfrentado para no abandonar la escuela, destacando en algunos casos que son ellas y ellos quienes sostienen la econom\u00eda de sus hogares.<\/p>\n<p dir=\"ltr\">\n<p dir=\"ltr\">Remarcaron que la falta de recursos, la situaci\u00f3n familiar, los problemas de conectividad o la distancia que hay entre sus centros educativos, laborales y su casa, son factores que minan el desarrollo de sus actividades acad\u00e9micas; y los cuales -en muchos casos- han sido los factores determinantes para que sus compa\u00f1eras y compa\u00f1eros decidan abandonar los estudios universitarios.<\/p>\n<p dir=\"ltr\">\n<p dir=\"ltr\">Coincidieron, adem\u00e1s, en que los apoyos y las becas a las que han sido acreedores, no solamente benefician al individuo que la recibe, sino que resultan ser de gran impacto en la econom\u00eda de la familia entera.<\/p>\n<p dir=\"ltr\">\n<p dir=\"ltr\">En este sentido, el gobernador record\u00f3 la importancia de promover la educaci\u00f3n superior como una v\u00eda para el desarrollo econ\u00f3mico del estado y del pa\u00eds, se\u00f1alando que con dedicaci\u00f3n y resiliencia, las y los j\u00f3venes que concluyen un grado universitario, logran mejorar la calidad de vida de sus familias.<\/p>\n<p dir=\"ltr\">\n<p dir=\"ltr\">Finalmente,\u00a0 se\u00f1al\u00f3 que aunado al desarrollo de una excelencia acad\u00e9mica, se debe procurar una excelencia humana, pues las y los profesionistas que hoy necesita el pa\u00eds deben ser de gran aporte en cuanto a los valores como personas y como ciudadanos.<\/p>\n","protected":false},"excerpt":{"rendered":"<p>#informativoelvalledeaguascalientes\u00a0 #novaradioaguascalientes La falta de recursos, la situaci\u00f3n familiar, los problemas de conectividad y la\u00a0 distancia entre hogar y escuela, factores que minan el desarrollo educativo La educaci\u00f3n superior es la v\u00eda para mejorar la calidad de vida de las familias: MOS &nbsp; En un di\u00e1logo abierto con alumnas y alumnos que han sido beneficiados [&hellip;]<\/p>\n","protected":false},"author":1,"featured_media":19461,"comment_status":"closed","ping_status":"open","sticky":false,"template":"","format":"standard","meta":{"advanced_seo_description":"","jetpack_seo_html_title":"","jetpack_seo_noindex":false,"_jetpack_memberships_contains_paid_content":false,"footnotes":"","jetpack_publicize_message":"","jetpack_publicize_feature_enabled":true,"jetpack_social_post_already_shared":true,"jetpack_social_options":{"image_generator_settings":{"template":"highway","default_image_id":0,"font":"","enabled":false},"version":2}},"categories":[21,4,7],"tags":[31],"class_list":["post-19460","post","type-post","status-publish","format-standard","has-post-thumbnail","hentry","category-aguascalientes","category-gobierno-del-estado-aguascalientes","category-pan-aguascalientes","tag-mos"],"jetpack_publicize_connections":[],"jetpack_featured_media_url":"https:\/\/i0.wp.com\/informativoelvalledeaguascalientes.online\/wp-content\/uploads\/2021\/05\/mos_platica_14052021.jpg?fit=1412%2C1406&ssl=1","jetpack-related-posts":[],"jetpack_sharing_enabled":true,"jetpack_likes_enabled":true,"_links":{"self":[{"href":"https:\/\/informativoelvalledeaguascalientes.online\/index.php?rest_route=\/wp\/v2\/posts\/19460","targetHints":{"allow":["GET"]}}],"collection":[{"href":"https:\/\/informativoelvalledeaguascalientes.online\/index.php?rest_route=\/wp\/v2\/posts"}],"about":[{"href":"https:\/\/informativoelvalledeaguascalientes.online\/index.php?rest_route=\/wp\/v2\/types\/post"}],"author":[{"embeddable":true,"href":"https:\/\/informativoelvalledeaguascalientes.online\/index.php?rest_route=\/wp\/v2\/users\/1"}],"replies":[{"embeddable":true,"href":"https:\/\/informativoelvalledeaguascalientes.online\/index.php?rest_route=%2Fwp%2Fv2%2Fcomments&post=19460"}],"version-history":[{"count":1,"href":"https:\/\/informativoelvalledeaguascalientes.online\/index.php?rest_route=\/wp\/v2\/posts\/19460\/revisions"}],"predecessor-version":[{"id":19462,"href":"https:\/\/informativoelvalledeaguascalientes.online\/index.php?rest_route=\/wp\/v2\/posts\/19460\/revisions\/19462"}],"wp:featuredmedia":[{"embeddable":true,"href":"https:\/\/informativoelvalledeaguascalientes.online\/index.php?rest_route=\/wp\/v2\/media\/19461"}],"wp:attachment":[{"href":"https:\/\/informativoelvalledeaguascalientes.online\/index.php?rest_route=%2Fwp%2Fv2%2Fmedia&parent=19460"}],"wp:term":[{"taxonomy":"category","embeddable":true,"href":"https:\/\/informativoelvalledeaguascalientes.online\/index.php?rest_route=%2Fwp%2Fv2%2Fcategories&post=19460"},{"taxonomy":"post_tag","embeddable":true,"href":"https:\/\/informativoelvalledeaguascalientes.online\/index.php?rest_route=%2Fwp%2Fv2%2Ftags&post=19460"}],"curies":[{"name":"wp","href":"https:\/\/api.w.org\/{rel}","templated":true}]}}