{"id":19451,"date":"2021-05-14T21:21:57","date_gmt":"2021-05-15T03:21:57","guid":{"rendered":"https:\/\/informativoelvalledeaguascalientes.online\/?p=19451"},"modified":"2021-05-14T21:21:57","modified_gmt":"2021-05-15T03:21:57","slug":"issea-lleva-a-cabo-primera-jornada-de-salud-publica","status":"publish","type":"post","link":"https:\/\/informativoelvalledeaguascalientes.online\/?p=19451","title":{"rendered":"ISSEA LLEVA A CABO PRIMERA JORNADA DE SALUD P\u00daBLICA"},"content":{"rendered":"<p dir=\"ltr\">#informativoelvalledeaguascalientes\u00a0 #novaradioaguascalientes<\/p>\n<p dir=\"ltr\">\u00b7 \u00a0 \u00a0 \u00a0 \u00a0 Del 17 al 28 de mayo se intensificar\u00e1n todas las acciones preventivas en el sector salud<\/p>\n<p dir=\"ltr\">\u00b7\u00a0 \u00a0 \u00a0 \u00a0 La prioridad de la autoridad completar esquemas de vacunaci\u00f3n en menores<\/p>\n<p dir=\"ltr\">Con el prop\u00f3sito de promover acciones de prevenci\u00f3n y promoci\u00f3n de la salud en el estado, el Instituto de Servicios de Salud del Estado de Aguascalientes (ISSEA) participa en la Jornada Nacional de Salud P\u00fablica, que se llevar\u00e1 a cabo del 17 al 28 de mayo del 2021, periodo en el que se pondr\u00e1n en marcha diferentes estrategias de educaci\u00f3n saludable.<\/p>\n<p dir=\"ltr\">As\u00ed lo inform\u00f3 el titular de la Secretar\u00eda de Salud del estado, Miguel \u00c1ngel Piza Jim\u00e9nez, quien se\u00f1al\u00f3 que con ello se promover\u00e1n los diferentes programas preventivos, conforme a los grupos de edad, dando prioridad a la vacunaci\u00f3n universal para que todos cuenten con la Cartilla Nacional de Salud y completen sus esquemas, sobre todo los menores de edad.<\/p>\n<p dir=\"ltr\">Aunado a ello, se destacan acciones de combate al sobrepeso, obesidad, diabetes, hipertensi\u00f3n arterial, tuberculosis, enfermedades transmitidas por vector, prevenci\u00f3n de enfermedades diarreicas y respiratorias con \u00e9nfasis en Influenza y Covid-19, planificaci\u00f3n familiar, prevenci\u00f3n del c\u00e1ncer de mama y cervicouterino, c\u00e1ncer infantil entre otros.<\/p>\n<p dir=\"ltr\">Dijo que durante estas dos semanas, se estar\u00e1 informando, orientando y capacitando para la educaci\u00f3n en salud a la poblaci\u00f3n de casa en casa, remarcando la importancia de que la gente conozca los servicios de prevenci\u00f3n y atenci\u00f3n que puede solicitar de manera gratuita en las instituciones p\u00fablicas.<\/p>\n<p dir=\"ltr\">As\u00ed mismo, se detall\u00f3 que las visitas domiciliarias para promover estas acciones, se har\u00e1n guardando todas las medidas sanitarias de distanciamiento y protecci\u00f3n, para evitar contagios por coronavirus.<\/p>\n","protected":false},"excerpt":{"rendered":"<p>#informativoelvalledeaguascalientes\u00a0 #novaradioaguascalientes \u00b7 \u00a0 \u00a0 \u00a0 \u00a0 Del 17 al 28 de mayo se intensificar\u00e1n todas las acciones preventivas en el sector salud \u00b7\u00a0 \u00a0 \u00a0 \u00a0 La prioridad de la autoridad completar esquemas de vacunaci\u00f3n en menores Con el prop\u00f3sito de promover acciones de prevenci\u00f3n y promoci\u00f3n de la salud en el estado, el [&hellip;]<\/p>\n","protected":false},"author":1,"featured_media":19452,"comment_status":"closed","ping_status":"open","sticky":false,"template":"","format":"standard","meta":{"advanced_seo_description":"","jetpack_seo_html_title":"","jetpack_seo_noindex":false,"_jetpack_memberships_contains_paid_content":false,"footnotes":"","jetpack_publicize_message":"","jetpack_publicize_feature_enabled":true,"jetpack_social_post_already_shared":true,"jetpack_social_options":{"image_generator_settings":{"template":"highway","default_image_id":0,"font":"","enabled":false},"version":2}},"categories":[21,4],"tags":[],"class_list":["post-19451","post","type-post","status-publish","format-standard","has-post-thumbnail","hentry","category-aguascalientes","category-gobierno-del-estado-aguascalientes"],"jetpack_publicize_connections":[],"jetpack_featured_media_url":"https:\/\/i0.wp.com\/informativoelvalledeaguascalientes.online\/wp-content\/uploads\/2021\/05\/issea_jornada_14052021.jpg?fit=1360%2C426&ssl=1","jetpack-related-posts":[],"jetpack_sharing_enabled":true,"jetpack_likes_enabled":true,"_links":{"self":[{"href":"https:\/\/informativoelvalledeaguascalientes.online\/index.php?rest_route=\/wp\/v2\/posts\/19451","targetHints":{"allow":["GET"]}}],"collection":[{"href":"https:\/\/informativoelvalledeaguascalientes.online\/index.php?rest_route=\/wp\/v2\/posts"}],"about":[{"href":"https:\/\/informativoelvalledeaguascalientes.online\/index.php?rest_route=\/wp\/v2\/types\/post"}],"author":[{"embeddable":true,"href":"https:\/\/informativoelvalledeaguascalientes.online\/index.php?rest_route=\/wp\/v2\/users\/1"}],"replies":[{"embeddable":true,"href":"https:\/\/informativoelvalledeaguascalientes.online\/index.php?rest_route=%2Fwp%2Fv2%2Fcomments&post=19451"}],"version-history":[{"count":1,"href":"https:\/\/informativoelvalledeaguascalientes.online\/index.php?rest_route=\/wp\/v2\/posts\/19451\/revisions"}],"predecessor-version":[{"id":19453,"href":"https:\/\/informativoelvalledeaguascalientes.online\/index.php?rest_route=\/wp\/v2\/posts\/19451\/revisions\/19453"}],"wp:featuredmedia":[{"embeddable":true,"href":"https:\/\/informativoelvalledeaguascalientes.online\/index.php?rest_route=\/wp\/v2\/media\/19452"}],"wp:attachment":[{"href":"https:\/\/informativoelvalledeaguascalientes.online\/index.php?rest_route=%2Fwp%2Fv2%2Fmedia&parent=19451"}],"wp:term":[{"taxonomy":"category","embeddable":true,"href":"https:\/\/informativoelvalledeaguascalientes.online\/index.php?rest_route=%2Fwp%2Fv2%2Fcategories&post=19451"},{"taxonomy":"post_tag","embeddable":true,"href":"https:\/\/informativoelvalledeaguascalientes.online\/index.php?rest_route=%2Fwp%2Fv2%2Ftags&post=19451"}],"curies":[{"name":"wp","href":"https:\/\/api.w.org\/{rel}","templated":true}]}}