{"id":19445,"date":"2021-05-14T21:16:50","date_gmt":"2021-05-15T03:16:50","guid":{"rendered":"https:\/\/informativoelvalledeaguascalientes.online\/?p=19445"},"modified":"2021-05-14T21:16:50","modified_gmt":"2021-05-15T03:16:50","slug":"ricardo-cortes-buscara-podio-en-aguascalientes-dentro-de-la-f5","status":"publish","type":"post","link":"https:\/\/informativoelvalledeaguascalientes.online\/?p=19445","title":{"rendered":"RICARDO CORTES BUSCARA PODIO EN AGUASCALIENTES DENTRO DE LA F5"},"content":{"rendered":"<p style=\"font-weight: 400;\">#informativoelvalledeaguascalientes\u00a0 #novaradioaguascalientes<\/p>\n<p style=\"font-weight: 400;\">Ricardo Cortes el \u00fanico representante del Estado de M\u00e9xico en la F5, que disputar\u00e1 este fin de semana su segunda fecha de la temporada 2021 en el \u00d3valo Aguascalientes M\u00e9xico, dijo que llega a tierras hidroc\u00e1lidas en busca de podio.<\/p>\n<p style=\"font-weight: 400;\">El piloto de Autopartes El Pist\u00f3n, TransMotors, dijo que la \u00fanica vez que compiti\u00f3 en la pista de Aguascalientes fue en 2019 y no tiene buenos recuerdos porque un golpe contra el muro le impidi\u00f3 tener una buena calificaci\u00f3n y ya no pudo recuperarse en la carrera.<\/p>\n<p style=\"font-weight: 400;\">\u201cAhora llego con nuevas expectativas y el objetivo es sumar una buena cantidad de puntos y no descarto de ninguna manera, un lugar en el podio\u201d, aclar\u00f3.<\/p>\n<p style=\"font-weight: 400;\">Habl\u00f3 tambi\u00e9n que los cambios que se propusieron con la creaci\u00f3n de la F5, la volvieron una categor\u00eda muy competitiva y que eso es muy bueno para todos los que participan en la misma.<\/p>\n<p style=\"font-weight: 400;\">\u201cLa carrera de Aguascalientes tiene un atractivo m\u00e1s que es el regreso del p\u00fablico, creo que la gente de esa zona del pa\u00eds estar\u00e1 ansiosa por ver de nuevo una carrera. Por otra parte para nosotros como pilotos y para nuestros patrocinadores es muy importante el regreso de los aficionados a las tribunas\u201d, expres\u00f3 el piloto de Autopartes El Pist\u00f3n, TransMotors.<\/p>\n<p style=\"font-weight: 400;\">Cortes aclar\u00f3 que lamentablemente no pudo participar en los entrenamientos libres de ayer, pero dejo ver que aprovechar\u00e1 al m\u00e1ximo los que se realicen el s\u00e1bado 15 antes de la calificaci\u00f3n.<\/p>\n<p style=\"font-weight: 400;\">LA MEXBIKE AL ROJO VIVO EN AGUASCALIENTES<\/p>\n<p style=\"font-weight: 400;\">Junto a los hermanos Escobedo, uno de los focos de atenci\u00f3n en la Mexbike son Norberto Villalobos que es el actual l\u00edder de las posiciones generales e Iv\u00e1n Mu\u00f1os en los Expertos, Diego L\u00f3pez y Yael Delgado en Intermedios, mientras que el Pro 2 aparecen Jes\u00fas Mondrag\u00f3n y Omar Maldonado.<\/p>\n<p style=\"font-weight: 400;\">\u201cEstamos como l\u00edderes en el campeonato pero todo puede cambiar en una carrera. Pero estamos en Aguascalientes para ganar la carrera y no para mirar los puntos\u201d, dijo Villalobos.<\/p>\n<p style=\"font-weight: 400;\">Por su parte Ulysses Escobedo dijo: \u201cTengo muchas ganas de correr en Aguascalientes porque es un circuito muy exigente. Este a\u00f1o ya visitamos Guadalajara, en el que no todo sali\u00f3 como lo planeamos, pero me siento con confianza para este fin de semana y s\u00e9 que lo haremos bien\u201d.<\/p>\n<p style=\"font-weight: 400;\">Con primer lugar en la fecha 1, Diego L\u00f3pez de Intermedios, aclar\u00f3 que la intenci\u00f3n el OAM es ampliar la diferencia en el campeonato, aunque est\u00e1 consciente que no ser\u00e1 una tarea f\u00e1cil.<\/p>\n<p style=\"font-weight: 400;\">Dani Pedrosa tambi\u00e9n se ha convertido en uno de los protagonistas de la rueda de prensa en el circuito de Estambul, tras asegurarse el t\u00edtulo de 250cc la semana pasada en Australia.<\/p>\n<p style=\"font-weight: 400;\">`Fue muy importante para el equipo ganar el t\u00edtulo en Australia y tambi\u00e9n un alivio despu\u00e9s de varias semanas muy tensas\u00b4, ha indicado Pedrosa. `Quedan dos carreras y debemos concentrarnos como siempre para intentar ganar<\/p>\n","protected":false},"excerpt":{"rendered":"<p>#informativoelvalledeaguascalientes\u00a0 #novaradioaguascalientes Ricardo Cortes el \u00fanico representante del Estado de M\u00e9xico en la F5, que disputar\u00e1 este fin de semana su segunda fecha de la temporada 2021 en el \u00d3valo Aguascalientes M\u00e9xico, dijo que llega a tierras hidroc\u00e1lidas en busca de podio. El piloto de Autopartes El Pist\u00f3n, TransMotors, dijo que la \u00fanica vez que [&hellip;]<\/p>\n","protected":false},"author":1,"featured_media":19446,"comment_status":"closed","ping_status":"open","sticky":false,"template":"","format":"standard","meta":{"advanced_seo_description":"","jetpack_seo_html_title":"","jetpack_seo_noindex":false,"_jetpack_memberships_contains_paid_content":false,"footnotes":"","jetpack_publicize_message":"","jetpack_publicize_feature_enabled":true,"jetpack_social_post_already_shared":true,"jetpack_social_options":{"image_generator_settings":{"template":"highway","default_image_id":0,"font":"","enabled":false},"version":2}},"categories":[21,19],"tags":[22,125],"class_list":["post-19445","post","type-post","status-publish","format-standard","has-post-thumbnail","hentry","category-aguascalientes","category-informacion-general","tag-aguascalientes","tag-super-copa"],"jetpack_publicize_connections":[],"jetpack_featured_media_url":"https:\/\/i0.wp.com\/informativoelvalledeaguascalientes.online\/wp-content\/uploads\/2021\/05\/ricardo-cortes-super-copa_14052021.jpg?fit=936%2C625&ssl=1","jetpack-related-posts":[],"jetpack_sharing_enabled":true,"jetpack_likes_enabled":true,"_links":{"self":[{"href":"https:\/\/informativoelvalledeaguascalientes.online\/index.php?rest_route=\/wp\/v2\/posts\/19445","targetHints":{"allow":["GET"]}}],"collection":[{"href":"https:\/\/informativoelvalledeaguascalientes.online\/index.php?rest_route=\/wp\/v2\/posts"}],"about":[{"href":"https:\/\/informativoelvalledeaguascalientes.online\/index.php?rest_route=\/wp\/v2\/types\/post"}],"author":[{"embeddable":true,"href":"https:\/\/informativoelvalledeaguascalientes.online\/index.php?rest_route=\/wp\/v2\/users\/1"}],"replies":[{"embeddable":true,"href":"https:\/\/informativoelvalledeaguascalientes.online\/index.php?rest_route=%2Fwp%2Fv2%2Fcomments&post=19445"}],"version-history":[{"count":1,"href":"https:\/\/informativoelvalledeaguascalientes.online\/index.php?rest_route=\/wp\/v2\/posts\/19445\/revisions"}],"predecessor-version":[{"id":19447,"href":"https:\/\/informativoelvalledeaguascalientes.online\/index.php?rest_route=\/wp\/v2\/posts\/19445\/revisions\/19447"}],"wp:featuredmedia":[{"embeddable":true,"href":"https:\/\/informativoelvalledeaguascalientes.online\/index.php?rest_route=\/wp\/v2\/media\/19446"}],"wp:attachment":[{"href":"https:\/\/informativoelvalledeaguascalientes.online\/index.php?rest_route=%2Fwp%2Fv2%2Fmedia&parent=19445"}],"wp:term":[{"taxonomy":"category","embeddable":true,"href":"https:\/\/informativoelvalledeaguascalientes.online\/index.php?rest_route=%2Fwp%2Fv2%2Fcategories&post=19445"},{"taxonomy":"post_tag","embeddable":true,"href":"https:\/\/informativoelvalledeaguascalientes.online\/index.php?rest_route=%2Fwp%2Fv2%2Ftags&post=19445"}],"curies":[{"name":"wp","href":"https:\/\/api.w.org\/{rel}","templated":true}]}}