{"id":19438,"date":"2021-05-14T21:11:05","date_gmt":"2021-05-15T03:11:05","guid":{"rendered":"https:\/\/informativoelvalledeaguascalientes.online\/?p=19438"},"modified":"2021-05-14T21:11:32","modified_gmt":"2021-05-15T03:11:32","slug":"con-leo-montanez-habra-mas-lineas-moradas-para-aprovechar-mejor-el-agua-tratada-incrementaremos-las-lineas-moradas-para-un-mejor-aprovechamiento-de-las-plantas-tratadoras-y-promover-asi-el-r","status":"publish","type":"post","link":"https:\/\/informativoelvalledeaguascalientes.online\/?p=19438","title":{"rendered":"CON LEO MONTA\u00d1EZ HABR\u00c1 M\u00c1S L\u00cdNEAS MORADAS PARA APROVECHAR MEJOR EL AGUA TRATADA"},"content":{"rendered":"<p>#informativoelvalledeaguascalientes\u00a0 #novaradioaguascalientes<\/p>\n<p>\u201cIncrementaremos las l\u00edneas moradas para un mejor aprovechamiento de las plantas tratadoras y promover as\u00ed el reh\u00faso de aguas tratadas que servir\u00edan para el riego de \u00e1reas verdes de la ciudad.\u201d<\/p>\n<p>Esta propuesta forma parte del cuarto eje \u201cMunicipio Sostenible\u201d del plan estrat\u00e9gico municipal de Leo Monta\u00f1ez.<\/p>\n","protected":false},"excerpt":{"rendered":"<p>#informativoelvalledeaguascalientes\u00a0 #novaradioaguascalientes \u201cIncrementaremos las l\u00edneas moradas para un mejor aprovechamiento de las plantas tratadoras y promover as\u00ed el reh\u00faso de aguas tratadas que servir\u00edan para el riego de \u00e1reas verdes de la ciudad.\u201d Esta propuesta forma parte del cuarto eje \u201cMunicipio Sostenible\u201d del plan estrat\u00e9gico municipal de Leo Monta\u00f1ez.<\/p>\n","protected":false},"author":1,"featured_media":19439,"comment_status":"closed","ping_status":"open","sticky":false,"template":"","format":"standard","meta":{"advanced_seo_description":"","jetpack_seo_html_title":"","jetpack_seo_noindex":false,"_jetpack_memberships_contains_paid_content":false,"footnotes":"","jetpack_publicize_message":"","jetpack_publicize_feature_enabled":true,"jetpack_social_post_already_shared":true,"jetpack_social_options":{"image_generator_settings":{"template":"highway","default_image_id":0,"font":"","enabled":false},"version":2}},"categories":[21,19,7,6],"tags":[22,467,23],"class_list":["post-19438","post","type-post","status-publish","format-standard","has-post-thumbnail","hentry","category-aguascalientes","category-informacion-general","category-pan-aguascalientes","category-partidos-politicos","tag-aguascalientes","tag-leo-montanez","tag-pan-aguascalientes"],"jetpack_publicize_connections":[],"jetpack_featured_media_url":"https:\/\/i0.wp.com\/informativoelvalledeaguascalientes.online\/wp-content\/uploads\/2021\/05\/leo_13052021.jpg?fit=1600%2C1600&ssl=1","jetpack-related-posts":[],"jetpack_sharing_enabled":true,"jetpack_likes_enabled":true,"_links":{"self":[{"href":"https:\/\/informativoelvalledeaguascalientes.online\/index.php?rest_route=\/wp\/v2\/posts\/19438","targetHints":{"allow":["GET"]}}],"collection":[{"href":"https:\/\/informativoelvalledeaguascalientes.online\/index.php?rest_route=\/wp\/v2\/posts"}],"about":[{"href":"https:\/\/informativoelvalledeaguascalientes.online\/index.php?rest_route=\/wp\/v2\/types\/post"}],"author":[{"embeddable":true,"href":"https:\/\/informativoelvalledeaguascalientes.online\/index.php?rest_route=\/wp\/v2\/users\/1"}],"replies":[{"embeddable":true,"href":"https:\/\/informativoelvalledeaguascalientes.online\/index.php?rest_route=%2Fwp%2Fv2%2Fcomments&post=19438"}],"version-history":[{"count":2,"href":"https:\/\/informativoelvalledeaguascalientes.online\/index.php?rest_route=\/wp\/v2\/posts\/19438\/revisions"}],"predecessor-version":[{"id":19441,"href":"https:\/\/informativoelvalledeaguascalientes.online\/index.php?rest_route=\/wp\/v2\/posts\/19438\/revisions\/19441"}],"wp:featuredmedia":[{"embeddable":true,"href":"https:\/\/informativoelvalledeaguascalientes.online\/index.php?rest_route=\/wp\/v2\/media\/19439"}],"wp:attachment":[{"href":"https:\/\/informativoelvalledeaguascalientes.online\/index.php?rest_route=%2Fwp%2Fv2%2Fmedia&parent=19438"}],"wp:term":[{"taxonomy":"category","embeddable":true,"href":"https:\/\/informativoelvalledeaguascalientes.online\/index.php?rest_route=%2Fwp%2Fv2%2Fcategories&post=19438"},{"taxonomy":"post_tag","embeddable":true,"href":"https:\/\/informativoelvalledeaguascalientes.online\/index.php?rest_route=%2Fwp%2Fv2%2Ftags&post=19438"}],"curies":[{"name":"wp","href":"https:\/\/api.w.org\/{rel}","templated":true}]}}