{"id":19434,"date":"2021-05-13T21:25:29","date_gmt":"2021-05-14T03:25:29","guid":{"rendered":"https:\/\/informativoelvalledeaguascalientes.online\/?p=19434"},"modified":"2021-05-13T21:25:29","modified_gmt":"2021-05-14T03:25:29","slug":"por-primera-vez-en-asientos-una-mujer-llegara-a-la-presidencia-municipal-para-cambiar-la-realidad-del-municipio-antonio-lugo-morales","status":"publish","type":"post","link":"https:\/\/informativoelvalledeaguascalientes.online\/?p=19434","title":{"rendered":"POR PRIMERA VEZ EN ASIENTOS UNA MUJER LLEGAR\u00c1 A LA PRESIDENCIA MUNICIPAL PARA CAMBIAR LA REALIDAD DEL MUNICIPIO: ANTONIO LUGO MORALES"},"content":{"rendered":"<p style=\"font-weight: 400;\"><strong>#informativoelvalledeaguascalientes , #novaradioaguascalientes<\/strong><\/p>\n<p style=\"font-weight: 400;\"><strong>\u00a0<\/strong><\/p>\n<p style=\"font-weight: 400;\">&#8211;\u00a0\u00a0\u00a0\u00a0\u00a0\u00a0\u00a0En Asientos tenemos a los mejores candidatos Araceli Rangel y Pedro P\u00e9rez G\u00f3mez ser\u00e1 diputado local por el distrito 2<\/p>\n<p style=\"font-weight: 400;\">\n<p style=\"font-weight: 400;\">&#8211;\u00a0\u00a0\u00a0\u00a0\u00a0\u00a0\u00a0Voy a ser una presidenta municipal cercana y de territorio: Araceli Rangel<\/p>\n<p style=\"font-weight: 400;\">\n<p style=\"font-weight: 400;\">&#8211;\u00a0\u00a0\u00a0\u00a0\u00a0\u00a0\u00a0Desde el Congreso del Estado voy a trabajar para que en m\u00ed tengan un aliado que los respalde y resuelva los problemas en sus comunidades: Pedro P\u00e9rez<\/p>\n<p style=\"font-weight: 400;\">\n<p style=\"font-weight: 400;\">\n<p style=\"font-weight: 400;\">En Asientos tienen a los mejores candidatos Araceli Rangel y ser\u00e1 la primera mujer priista en la presidencia municipal y Pedro P\u00e9rez G\u00f3mez ser\u00e1 diputado local por el distrito 2, en junio pr\u00f3ximo que ganemos la contienda, subray\u00f3 el delegado del CEN y presidente del Comit\u00e9 Directivo Estatal del PRI, Antonio Lugo Morales.<\/p>\n<p style=\"font-weight: 400;\">\n<p style=\"font-weight: 400;\">Al realizar un amplio recorrido por la comunidad de L\u00e1zaro C\u00e1rdenas, en el municipio de Asientos, en compa\u00f1\u00eda de la secretaria general, Leslie Atilano Tapia, del secretario de organizaci\u00f3n Eduardo Hern\u00e1ndez Tavera, adem\u00e1s del presidente del Comit\u00e9 Municipal, \u00c1ngel Llamas Collazo, el coordinador de campa\u00f1a Francisco Rangel, y representantes de sectores y organizaciones, acudieron para respaldar a nuestros abanderados.<\/p>\n<p style=\"font-weight: 400;\">\n<p style=\"font-weight: 400;\">\u201cAmbos candidatos son personas de probada convicci\u00f3n priista, Araceli es una mujer de palabra, compromiso, profesionista, mujer que conoce las necesidades del campo al ser hija de campesinos. Al igual Pedro P\u00e9rez un hombre que trabaja a favor de las personas necesitadas, lo han hecho y seguir\u00e1n ayudando a las personas para darles trabajo, darles beneficio a las comunidades que est\u00e1n en el olvido en Asientos y ya lo comprobamos al caminar y recorrer las calles\u201d.<\/p>\n<p style=\"font-weight: 400;\">\n<p style=\"font-weight: 400;\">Araceli Rangel, manifest\u00f3 su entusiasmo al ser abanderada priista y su empat\u00eda por trabajar con y para las mujeres, priorizando el contacto y el di\u00e1logo con la gente que debe ser siempre para que la gente se exprese libre y abiertamente con sus dudas e inquietudes, necesidades y solicitudes.<\/p>\n<p style=\"font-weight: 400;\">\n<p style=\"font-weight: 400;\">\u201cVoy a ser una presidenta municipal cercana y de territorio, siempre teniendo contacto directo con los ciudadanos, ofreciendo mejores servicios que se han dejado de brindar por parte de gobiernos a los que no les importa la gente. Nosotros venimos a trabajar y a hacer lo que ellos han dejado a un lado, aqu\u00ed en L\u00e1zaro C\u00e1rdenas y en general en las 54 comunidades. Estamos listos para ser gobierno desde el pr\u00f3ximo 06 de junio\u201d.<\/p>\n<p style=\"font-weight: 400;\">\n<p style=\"font-weight: 400;\">Pedro P\u00e9rez G\u00f3mez candidato a la diputaci\u00f3n local por el distrito 2, dijo que: Mi compromiso es con la gente pobre que m\u00e1s necesita de apoyos y de servidores p\u00fablicos que entiendan sus necesidades. Desde el Congreso del Estado voy a trabajar para que en m\u00ed tengan un aliado que los respalde y resuelva los problemas en sus comunidades.<\/p>\n<p style=\"font-weight: 400;\">\n","protected":false},"excerpt":{"rendered":"<p>#informativoelvalledeaguascalientes , #novaradioaguascalientes \u00a0 &#8211;\u00a0\u00a0\u00a0\u00a0\u00a0\u00a0\u00a0En Asientos tenemos a los mejores candidatos Araceli Rangel y Pedro P\u00e9rez G\u00f3mez ser\u00e1 diputado local por el distrito 2 &#8211;\u00a0\u00a0\u00a0\u00a0\u00a0\u00a0\u00a0Voy a ser una presidenta municipal cercana y de territorio: Araceli Rangel &#8211;\u00a0\u00a0\u00a0\u00a0\u00a0\u00a0\u00a0Desde el Congreso del Estado voy a trabajar para que en m\u00ed tengan un aliado que los respalde y [&hellip;]<\/p>\n","protected":false},"author":1,"featured_media":19435,"comment_status":"closed","ping_status":"open","sticky":false,"template":"","format":"standard","meta":{"advanced_seo_description":"","jetpack_seo_html_title":"","jetpack_seo_noindex":false,"_jetpack_memberships_contains_paid_content":false,"footnotes":"","jetpack_publicize_message":"","jetpack_publicize_feature_enabled":true,"jetpack_social_post_already_shared":true,"jetpack_social_options":{"image_generator_settings":{"template":"highway","default_image_id":0,"font":"","enabled":false},"version":2}},"categories":[21,9],"tags":[22,33],"class_list":["post-19434","post","type-post","status-publish","format-standard","has-post-thumbnail","hentry","category-aguascalientes","category-pri-aguascalientes","tag-aguascalientes","tag-pri-aguascalientes-cde"],"jetpack_publicize_connections":[],"jetpack_featured_media_url":"https:\/\/i0.wp.com\/informativoelvalledeaguascalientes.online\/wp-content\/uploads\/2021\/05\/ASIENTOS-3.jpg?fit=1805%2C1200&ssl=1","jetpack-related-posts":[],"jetpack_sharing_enabled":true,"jetpack_likes_enabled":true,"_links":{"self":[{"href":"https:\/\/informativoelvalledeaguascalientes.online\/index.php?rest_route=\/wp\/v2\/posts\/19434","targetHints":{"allow":["GET"]}}],"collection":[{"href":"https:\/\/informativoelvalledeaguascalientes.online\/index.php?rest_route=\/wp\/v2\/posts"}],"about":[{"href":"https:\/\/informativoelvalledeaguascalientes.online\/index.php?rest_route=\/wp\/v2\/types\/post"}],"author":[{"embeddable":true,"href":"https:\/\/informativoelvalledeaguascalientes.online\/index.php?rest_route=\/wp\/v2\/users\/1"}],"replies":[{"embeddable":true,"href":"https:\/\/informativoelvalledeaguascalientes.online\/index.php?rest_route=%2Fwp%2Fv2%2Fcomments&post=19434"}],"version-history":[{"count":1,"href":"https:\/\/informativoelvalledeaguascalientes.online\/index.php?rest_route=\/wp\/v2\/posts\/19434\/revisions"}],"predecessor-version":[{"id":19436,"href":"https:\/\/informativoelvalledeaguascalientes.online\/index.php?rest_route=\/wp\/v2\/posts\/19434\/revisions\/19436"}],"wp:featuredmedia":[{"embeddable":true,"href":"https:\/\/informativoelvalledeaguascalientes.online\/index.php?rest_route=\/wp\/v2\/media\/19435"}],"wp:attachment":[{"href":"https:\/\/informativoelvalledeaguascalientes.online\/index.php?rest_route=%2Fwp%2Fv2%2Fmedia&parent=19434"}],"wp:term":[{"taxonomy":"category","embeddable":true,"href":"https:\/\/informativoelvalledeaguascalientes.online\/index.php?rest_route=%2Fwp%2Fv2%2Fcategories&post=19434"},{"taxonomy":"post_tag","embeddable":true,"href":"https:\/\/informativoelvalledeaguascalientes.online\/index.php?rest_route=%2Fwp%2Fv2%2Ftags&post=19434"}],"curies":[{"name":"wp","href":"https:\/\/api.w.org\/{rel}","templated":true}]}}