{"id":19230,"date":"2021-05-08T20:19:07","date_gmt":"2021-05-09T02:19:07","guid":{"rendered":"https:\/\/informativoelvalledeaguascalientes.online\/?p=19230"},"modified":"2021-05-08T20:19:07","modified_gmt":"2021-05-09T02:19:07","slug":"policias-tendran-mejores-sueldos-quique-galo","status":"publish","type":"post","link":"https:\/\/informativoelvalledeaguascalientes.online\/?p=19230","title":{"rendered":"Polic\u00edas tendr\u00e1n mejores sueldos: Quique Galo"},"content":{"rendered":"<p><strong>#informativoelvalledeaguascalientes , #novaradioaguascalientes<br \/>\n<\/strong><\/p>\n<p>* Durante la pr\u00f3xima legislatura local se establecer\u00e1n mejoras en las condiciones de los guardianes del orden y sus familias<\/p>\n<p>* Polic\u00eda de Barrio debe ser la base para construir un entorno de confianza con los ciudadanos<\/p>\n<p>La Seguridad P\u00fablica es fundamental para lograr la paz y permitir el desarrollo integral de todos y cada uno de los miembros de la comunidad. Para alcanzar este objetivo, uno de los puntos fundamentales es mejorar las condiciones econ\u00f3micas, de salud y de seguridad social de aquellos que nos cuidan y de sus familias.<\/p>\n<p>Ante ello, desde la pr\u00f3xima Legislatura del Congreso del Estado de Aguascalientes, Quique Galo continuar\u00e1 el trabajo emprendido para tener polic\u00edas mejor pagados, con buenas prestaciones, pero tambi\u00e9n con excelente preparaci\u00f3n, capaces de cumplir a cabalidad con los requerimientos del actual Sistema de Justicia Oral Penal del Estado y la capacitaci\u00f3n necesaria para no incurrir en excesos de violencia al momento de someter a presuntos delincuentes.<\/p>\n<p>El candidato del Partido Acci\u00f3n Nacional (PAN), a diputado local por el Distrito XVII, enfocar\u00e1 sus esfuerzos legislativos para, a la par de lograr un perfeccionamiento en el marco normativo que permita sancionar a quienes perturben el orden social, puedan crearse las condiciones necesarias para atacar las causas que provocan las conductas delictivas y se sancione con trabajo comunitario a aquellos que comenten faltas administrativas y actualmente salen de los separos solo con el pago de una multa o algunas horas de c\u00e1rcel.<\/p>\n<p>Durante los intentos recorridos que a diario realiza por calles del Distrito XVII, a\u00fan a pesar de una lesi\u00f3n que recientemente sufri\u00f3 en un tend\u00f3n, Quique Galo ha recogido la demandas m\u00e1s sentidas de la sociedad, entre las cuales se encuentra principalmente la Seguridad P\u00fablica, que, tras la mejora en la percepci\u00f3n de seguridad lograda en el trancurso de los \u00faltimos a\u00f1os , a\u00fan requiere un programa de proximidad social.<\/p>\n<p>Con ello se lograr\u00e1 que la ciudadan\u00eda se sienta protegida y cercana a su agente policiaco, a trave\u0301s de poli\u0301ticas, planes y acuerdos que permitan la coordinacio\u0301n eficaz de todos los elementos de seguridad p\u00fablica con los ciudadanos, quienes han demandado tener cuerpos policiacos cuyos elementos conozcan personalmente a los habitantes de las colonias.<\/p>\n","protected":false},"excerpt":{"rendered":"<p>#informativoelvalledeaguascalientes , #novaradioaguascalientes * Durante la pr\u00f3xima legislatura local se establecer\u00e1n mejoras en las condiciones de los guardianes del orden y sus familias * Polic\u00eda de Barrio debe ser la base para construir un entorno de confianza con los ciudadanos La Seguridad P\u00fablica es fundamental para lograr la paz y permitir el desarrollo integral de [&hellip;]<\/p>\n","protected":false},"author":1,"featured_media":19234,"comment_status":"closed","ping_status":"open","sticky":false,"template":"","format":"standard","meta":{"advanced_seo_description":"","jetpack_seo_html_title":"","jetpack_seo_noindex":false,"_jetpack_memberships_contains_paid_content":false,"footnotes":"","jetpack_publicize_message":"","jetpack_publicize_feature_enabled":true,"jetpack_social_post_already_shared":true,"jetpack_social_options":{"image_generator_settings":{"template":"highway","default_image_id":0,"font":"","enabled":false},"version":2}},"categories":[21,7,8],"tags":[22,23,40,459],"class_list":["post-19230","post","type-post","status-publish","format-standard","has-post-thumbnail","hentry","category-aguascalientes","category-pan-aguascalientes","category-prd-aguascalientes","tag-aguascalientes","tag-pan-aguascalientes","tag-prd-aguascalientes","tag-quique-galo"],"jetpack_publicize_connections":[],"jetpack_featured_media_url":"https:\/\/i0.wp.com\/informativoelvalledeaguascalientes.online\/wp-content\/uploads\/2021\/05\/WhatsApp-Image-2021-05-08-at-4.25.05-PM.jpeg?fit=1280%2C960&ssl=1","jetpack-related-posts":[],"jetpack_sharing_enabled":true,"jetpack_likes_enabled":true,"_links":{"self":[{"href":"https:\/\/informativoelvalledeaguascalientes.online\/index.php?rest_route=\/wp\/v2\/posts\/19230","targetHints":{"allow":["GET"]}}],"collection":[{"href":"https:\/\/informativoelvalledeaguascalientes.online\/index.php?rest_route=\/wp\/v2\/posts"}],"about":[{"href":"https:\/\/informativoelvalledeaguascalientes.online\/index.php?rest_route=\/wp\/v2\/types\/post"}],"author":[{"embeddable":true,"href":"https:\/\/informativoelvalledeaguascalientes.online\/index.php?rest_route=\/wp\/v2\/users\/1"}],"replies":[{"embeddable":true,"href":"https:\/\/informativoelvalledeaguascalientes.online\/index.php?rest_route=%2Fwp%2Fv2%2Fcomments&post=19230"}],"version-history":[{"count":1,"href":"https:\/\/informativoelvalledeaguascalientes.online\/index.php?rest_route=\/wp\/v2\/posts\/19230\/revisions"}],"predecessor-version":[{"id":19235,"href":"https:\/\/informativoelvalledeaguascalientes.online\/index.php?rest_route=\/wp\/v2\/posts\/19230\/revisions\/19235"}],"wp:featuredmedia":[{"embeddable":true,"href":"https:\/\/informativoelvalledeaguascalientes.online\/index.php?rest_route=\/wp\/v2\/media\/19234"}],"wp:attachment":[{"href":"https:\/\/informativoelvalledeaguascalientes.online\/index.php?rest_route=%2Fwp%2Fv2%2Fmedia&parent=19230"}],"wp:term":[{"taxonomy":"category","embeddable":true,"href":"https:\/\/informativoelvalledeaguascalientes.online\/index.php?rest_route=%2Fwp%2Fv2%2Fcategories&post=19230"},{"taxonomy":"post_tag","embeddable":true,"href":"https:\/\/informativoelvalledeaguascalientes.online\/index.php?rest_route=%2Fwp%2Fv2%2Ftags&post=19230"}],"curies":[{"name":"wp","href":"https:\/\/api.w.org\/{rel}","templated":true}]}}