{"id":19185,"date":"2021-05-07T15:11:54","date_gmt":"2021-05-07T21:11:54","guid":{"rendered":"https:\/\/informativoelvalledeaguascalientes.online\/?p=19185"},"modified":"2021-05-07T15:11:54","modified_gmt":"2021-05-07T21:11:54","slug":"titular-de-seguot-se-reunio-con-el-consejo-directivo-de-canadevi","status":"publish","type":"post","link":"https:\/\/informativoelvalledeaguascalientes.online\/?p=19185","title":{"rendered":"TITULAR DE SEGUOT SE REUNI\u00d3 CON EL CONSEJO DIRECTIVO DE CANADEVI"},"content":{"rendered":"<p dir=\"ltr\"><strong>#informativoelvalledeaguascalientes , #novaradioaguascalientes<br \/>\n<\/strong><\/p>\n<ul>\n<li dir=\"ltr\">\n<p dir=\"ltr\">Consolida Seguot su lazo con la iniciativa privada para abonar\u00a0 al desarrollo de Aguascalientes<\/p>\n<\/li>\n<\/ul>\n<p dir=\"ltr\">Con el prop\u00f3sito de establecer un di\u00e1logo que contribuya a consolidar la vinculaci\u00f3n entre los sectores usuarios de la Secretar\u00eda de Gesti\u00f3n Urban\u00edstica, Ordenamiento Territorial Registral y Catastral (Seguot), y estrechar lazos de colaboraci\u00f3n interinstitucional, la titular de la dependencia, Carolina L\u00f3pez L\u00f3pez sostuvo una primera reuni\u00f3n de acercamiento con el presidente de la C\u00e1mara Nacional de la Industria de Desarrollo y Promoci\u00f3n de Vivienda (Canadevi) en Aguascalientes, Juan Carlos Rodr\u00edguez Garc\u00eda.<\/p>\n<p dir=\"ltr\">Durante la reuni\u00f3n a la que tambi\u00e9n asistieron los integrantes del Consejo Directivo de la Canadevi, la secretaria extern\u00f3 su inter\u00e9s de continuar generando sinergias entre la autoridad estatal y la iniciativa privada; asimismo, reconoci\u00f3 la importancia que representa esta C\u00e1mara para el desarrollo econ\u00f3mico y social de la sociedad.<\/p>\n<p dir=\"ltr\">L\u00f3pez L\u00f3pez expres\u00f3 que su encomienda como funcionaria y servidora, versar\u00e1 en erigirse como facilitadora para que los planes y proyectos estrat\u00e9gicos se concreten en el marco de los lineamientos, los requerimientos y la normatividad aplicable.<\/p>\n<p dir=\"ltr\">Finalmente, la funcionaria estatal extern\u00f3 su confianza en los resultados derivados de esta vinculaci\u00f3n, pues hay un evidente inter\u00e9s mutuo de emprender acciones a favor de las familias de Aguascalientes.<\/p>\n","protected":false},"excerpt":{"rendered":"<p>#informativoelvalledeaguascalientes , #novaradioaguascalientes Consolida Seguot su lazo con la iniciativa privada para abonar\u00a0 al desarrollo de Aguascalientes Con el prop\u00f3sito de establecer un di\u00e1logo que contribuya a consolidar la vinculaci\u00f3n entre los sectores usuarios de la Secretar\u00eda de Gesti\u00f3n Urban\u00edstica, Ordenamiento Territorial Registral y Catastral (Seguot), y estrechar lazos de colaboraci\u00f3n interinstitucional, la titular de [&hellip;]<\/p>\n","protected":false},"author":1,"featured_media":19186,"comment_status":"closed","ping_status":"open","sticky":false,"template":"","format":"standard","meta":{"advanced_seo_description":"","jetpack_seo_html_title":"","jetpack_seo_noindex":false,"_jetpack_memberships_contains_paid_content":false,"footnotes":"","jetpack_publicize_message":"","jetpack_publicize_feature_enabled":true,"jetpack_social_post_already_shared":true,"jetpack_social_options":{"image_generator_settings":{"template":"highway","default_image_id":0,"font":"","enabled":false},"version":2}},"categories":[21,4],"tags":[22,26],"class_list":["post-19185","post","type-post","status-publish","format-standard","has-post-thumbnail","hentry","category-aguascalientes","category-gobierno-del-estado-aguascalientes","tag-aguascalientes","tag-seguot"],"jetpack_publicize_connections":[],"jetpack_featured_media_url":"https:\/\/i0.wp.com\/informativoelvalledeaguascalientes.online\/wp-content\/uploads\/2021\/05\/SEGUOT-2021-05-07-BOL-151-Reunion-secretaria-canadevi-3.jpg?fit=1870%2C1250&ssl=1","jetpack-related-posts":[],"jetpack_sharing_enabled":true,"jetpack_likes_enabled":true,"_links":{"self":[{"href":"https:\/\/informativoelvalledeaguascalientes.online\/index.php?rest_route=\/wp\/v2\/posts\/19185","targetHints":{"allow":["GET"]}}],"collection":[{"href":"https:\/\/informativoelvalledeaguascalientes.online\/index.php?rest_route=\/wp\/v2\/posts"}],"about":[{"href":"https:\/\/informativoelvalledeaguascalientes.online\/index.php?rest_route=\/wp\/v2\/types\/post"}],"author":[{"embeddable":true,"href":"https:\/\/informativoelvalledeaguascalientes.online\/index.php?rest_route=\/wp\/v2\/users\/1"}],"replies":[{"embeddable":true,"href":"https:\/\/informativoelvalledeaguascalientes.online\/index.php?rest_route=%2Fwp%2Fv2%2Fcomments&post=19185"}],"version-history":[{"count":1,"href":"https:\/\/informativoelvalledeaguascalientes.online\/index.php?rest_route=\/wp\/v2\/posts\/19185\/revisions"}],"predecessor-version":[{"id":19187,"href":"https:\/\/informativoelvalledeaguascalientes.online\/index.php?rest_route=\/wp\/v2\/posts\/19185\/revisions\/19187"}],"wp:featuredmedia":[{"embeddable":true,"href":"https:\/\/informativoelvalledeaguascalientes.online\/index.php?rest_route=\/wp\/v2\/media\/19186"}],"wp:attachment":[{"href":"https:\/\/informativoelvalledeaguascalientes.online\/index.php?rest_route=%2Fwp%2Fv2%2Fmedia&parent=19185"}],"wp:term":[{"taxonomy":"category","embeddable":true,"href":"https:\/\/informativoelvalledeaguascalientes.online\/index.php?rest_route=%2Fwp%2Fv2%2Fcategories&post=19185"},{"taxonomy":"post_tag","embeddable":true,"href":"https:\/\/informativoelvalledeaguascalientes.online\/index.php?rest_route=%2Fwp%2Fv2%2Ftags&post=19185"}],"curies":[{"name":"wp","href":"https:\/\/api.w.org\/{rel}","templated":true}]}}