{"id":19176,"date":"2021-05-07T14:57:26","date_gmt":"2021-05-07T20:57:26","guid":{"rendered":"https:\/\/informativoelvalledeaguascalientes.online\/?p=19176"},"modified":"2021-05-07T14:57:26","modified_gmt":"2021-05-07T20:57:26","slug":"rogelio-keko-perez-a-aguascalientes-para-disputar-2a-fecha-de-la-copa-mercedes-benz","status":"publish","type":"post","link":"https:\/\/informativoelvalledeaguascalientes.online\/?p=19176","title":{"rendered":"ROGELIO \u201cKEKO\u201d P\u00c9REZ, A AGUASCALIENTES PARA DISPUTAR 2\u00aa FECHA DE LA COPA MERCEDES-BENZ"},"content":{"rendered":"<p style=\"font-weight: 400;\"><strong>#informativoelvalledeaguascalientes , #novaradioaguascalientes<br \/>\n<\/strong><\/p>\n<p style=\"font-weight: 400;\">Chihuahua, a 7 de mayo de 2021.- Tras un inicio de a\u00f1o deportivo motivante, el chihuahuense, Rogelio \u201cKeko\u201d P\u00e9rez tiene la mira puesta en la segunda fecha del festival de velocidad de la S\u00faper Copa, en donde enfrentar\u00e1 un nuevo par de rondas de la Copa Mercedes-Benz, esta ocasi\u00f3n teniendo como objetivo la pista del OAM los d\u00edas 15 y 16 de mayo en Aguascalientes.<\/p>\n<p style=\"font-weight: 400;\">Buenas sensaciones dej\u00f3 el debut a \u201cKeko\u201d P\u00e9rez, quien volviendo a la Copa Mercedes-Benz con el auto #3 Grupo ANBEC \/ R-M \/ LIMCO, logr\u00f3 mostrar un buen ritmo y manejo para salir con un Top-10 y Top-5 del primer compromiso doble. Resultados que lo han motivado para seguirse preparando en busca de a\u00fan mejores resultados.<\/p>\n<p style=\"font-weight: 400;\">Por ello, el piloto se ha preparado arduamente, entrenando duro para llegar a una pista complicada como lo es el trazado de 1800 metros de longitud enclavado en el \u00d3valo Aguascalientes M\u00e9xico que adem\u00e1s tendr\u00e1 la presencia de p\u00fablico en sus tribunas, con una capacidad limitada a un 10% de capacidad, siendo un motivante extra para la competencia.<\/p>\n<p style=\"font-weight: 400;\">Rogelio \u201cKeko\u201d P\u00e9rez:<\/p>\n<p style=\"font-weight: 400;\">\u201cEn definitiva creo que se logr\u00f3 un buen inicio de temporada, sobre todo teniendo en cuenta que en el 2020 no competimos de tiempo completo, as\u00ed que me pude llevar buenas conclusiones. Fueron carreras importantes que permitieron ver el rendimiento del auto, ponerlo a puto y claro, siempre hay cosas por mejorar\u201d.<\/p>\n<p style=\"font-weight: 400;\">\u201cAhora toca visitar Aguascalientes, me sigo preparando para ello, ser\u00e1n carreras muy desgastantes en las que quiero dar el m\u00e1ximo. Ahora con esa motivaci\u00f3n que da el saber que habr\u00e1 p\u00fablico, esa fue una gran noticia para todos, vamos por buen camino y espero ver a los aficionados disfrutando el espect\u00e1culo y apoyando al #3 Grupo ANBEC\/ R-M\/ LIMCO\u201d.<\/p>\n<p style=\"font-weight: 400;\">La preparaci\u00f3n de Rogelio \u201cKeko\u201d P\u00e9rez contin\u00faa rumbo a la segunda fecha de la Copa Mercedes-Benz con el festival de velocidad de la S\u00faper Copa los d\u00edas 15 y 16 de mayo en el OAM de Aguascalientes, competencias transmitidas en vivo a trav\u00e9s de las plataformas digitales<\/p>\n","protected":false},"excerpt":{"rendered":"<p>#informativoelvalledeaguascalientes , #novaradioaguascalientes Chihuahua, a 7 de mayo de 2021.- Tras un inicio de a\u00f1o deportivo motivante, el chihuahuense, Rogelio \u201cKeko\u201d P\u00e9rez tiene la mira puesta en la segunda fecha del festival de velocidad de la S\u00faper Copa, en donde enfrentar\u00e1 un nuevo par de rondas de la Copa Mercedes-Benz, esta ocasi\u00f3n teniendo como objetivo [&hellip;]<\/p>\n","protected":false},"author":1,"featured_media":19177,"comment_status":"closed","ping_status":"open","sticky":false,"template":"","format":"standard","meta":{"advanced_seo_description":"","jetpack_seo_html_title":"","jetpack_seo_noindex":false,"_jetpack_memberships_contains_paid_content":false,"footnotes":"","jetpack_publicize_message":"","jetpack_publicize_feature_enabled":true,"jetpack_social_post_already_shared":true,"jetpack_social_options":{"image_generator_settings":{"template":"highway","default_image_id":0,"font":"","enabled":false},"version":2}},"categories":[21,19],"tags":[22,396,125],"class_list":["post-19176","post","type-post","status-publish","format-standard","has-post-thumbnail","hentry","category-aguascalientes","category-informacion-general","tag-aguascalientes","tag-copa-mercedes-benz","tag-super-copa"],"jetpack_publicize_connections":[],"jetpack_featured_media_url":"https:\/\/i0.wp.com\/informativoelvalledeaguascalientes.online\/wp-content\/uploads\/2021\/05\/Keko-Pe%CC%81rez-02-1.jpg?fit=2000%2C1333&ssl=1","jetpack-related-posts":[],"jetpack_sharing_enabled":true,"jetpack_likes_enabled":true,"_links":{"self":[{"href":"https:\/\/informativoelvalledeaguascalientes.online\/index.php?rest_route=\/wp\/v2\/posts\/19176","targetHints":{"allow":["GET"]}}],"collection":[{"href":"https:\/\/informativoelvalledeaguascalientes.online\/index.php?rest_route=\/wp\/v2\/posts"}],"about":[{"href":"https:\/\/informativoelvalledeaguascalientes.online\/index.php?rest_route=\/wp\/v2\/types\/post"}],"author":[{"embeddable":true,"href":"https:\/\/informativoelvalledeaguascalientes.online\/index.php?rest_route=\/wp\/v2\/users\/1"}],"replies":[{"embeddable":true,"href":"https:\/\/informativoelvalledeaguascalientes.online\/index.php?rest_route=%2Fwp%2Fv2%2Fcomments&post=19176"}],"version-history":[{"count":1,"href":"https:\/\/informativoelvalledeaguascalientes.online\/index.php?rest_route=\/wp\/v2\/posts\/19176\/revisions"}],"predecessor-version":[{"id":19178,"href":"https:\/\/informativoelvalledeaguascalientes.online\/index.php?rest_route=\/wp\/v2\/posts\/19176\/revisions\/19178"}],"wp:featuredmedia":[{"embeddable":true,"href":"https:\/\/informativoelvalledeaguascalientes.online\/index.php?rest_route=\/wp\/v2\/media\/19177"}],"wp:attachment":[{"href":"https:\/\/informativoelvalledeaguascalientes.online\/index.php?rest_route=%2Fwp%2Fv2%2Fmedia&parent=19176"}],"wp:term":[{"taxonomy":"category","embeddable":true,"href":"https:\/\/informativoelvalledeaguascalientes.online\/index.php?rest_route=%2Fwp%2Fv2%2Fcategories&post=19176"},{"taxonomy":"post_tag","embeddable":true,"href":"https:\/\/informativoelvalledeaguascalientes.online\/index.php?rest_route=%2Fwp%2Fv2%2Ftags&post=19176"}],"curies":[{"name":"wp","href":"https:\/\/api.w.org\/{rel}","templated":true}]}}