{"id":19162,"date":"2021-05-07T14:43:14","date_gmt":"2021-05-07T20:43:14","guid":{"rendered":"https:\/\/informativoelvalledeaguascalientes.online\/?p=19162"},"modified":"2021-05-07T14:43:14","modified_gmt":"2021-05-07T20:43:14","slug":"colabora-gobierno-del-estado-en-agilizar-la-defensa-legal-de-ninos-ninas-adolescentes-y-personas-con-discapacidad-intelectual","status":"publish","type":"post","link":"https:\/\/informativoelvalledeaguascalientes.online\/?p=19162","title":{"rendered":"COLABORA GOBIERNO DEL ESTADO EN AGILIZAR LA DEFENSA LEGAL DE NI\u00d1OS, NI\u00d1AS, ADOLESCENTES Y PERSONAS CON DISCAPACIDAD INTELECTUAL\u00a0"},"content":{"rendered":"<p dir=\"ltr\"><strong>#informativoelvalledeaguascalientes , #novaradioaguascalientes<br \/>\n<\/strong><\/p>\n<p dir=\"ltr\">\n<ul>\n<li dir=\"ltr\">\n<p dir=\"ltr\">Abogados de algunas dependencias e instituciones tendr\u00e1n la encomienda de representarlos en audiencias y tr\u00e1mites que lo requieran<\/p>\n<\/li>\n<li dir=\"ltr\">\n<p dir=\"ltr\">El compromiso es garantizar los derechos humanos y protegerlos de cualquier abuso o abandono: Mart\u00edn Orozco Sandoval<\/p>\n<\/li>\n<li dir=\"ltr\">\n<p dir=\"ltr\">Refrenda Poder Judicial compromiso por priorizar los procesos en los juzgados familiares y el r\u00e1pido desahogo de los mismos<\/p>\n<\/li>\n<\/ul>\n<p dir=\"ltr\">\n<p dir=\"ltr\">Con la firma del convenio para el ejercicio del cargo de tutores, el Gobierno del Estado colaborar\u00e1 con el Poder Judicial en la defensa de ni\u00f1os, ni\u00f1as, adolescentes y mayores de edad con alguna discapacidad para garantizar los derechos humanos y especialmente protegerlos de cualquier abuso, abandono, o situaci\u00f3n que ponga en riesgo su integridad, se\u00f1al\u00f3 el gobernador Mart\u00edn Orozco Sandoval.<\/p>\n<p dir=\"ltr\">El mandatario estatal manifest\u00f3 que en Aguascalientes se reconoce el valor que tienen la familia y la importancia de que los menores puedan crecer en un entorno seguro, que les brinde cuidado material y emocional, por lo que este convenio compromete a todas las instituciones que lo signan a fortalecer el eje central y n\u00facleo primario de la sociedad.<\/p>\n<p dir=\"ltr\">Al respecto, el secretario general de Gobierno, Juan Manuel Flores Femat, explic\u00f3 que la colaboraci\u00f3n consiste en la designaci\u00f3n de abogados por cada una de las instituciones o dependencias que suscriben el convenio, para fungir como representantes de menores e incapaces, a trav\u00e9s del desempe\u00f1o de la tutela en los procesos que se requieran, con lo que se dar\u00e1 mayor agilidad a las audiencias y tr\u00e1mites que requieran de apoyo a tutores.<\/p>\n<p dir=\"ltr\">Por su parte, Gabriela Espinosa Castorena, magistrada presidenta del Supremo Tribunal de Justicia del Estado, se\u00f1al\u00f3 que con este trabajo interinstitucional se consolidar\u00e1 el trabajo que d\u00eda a d\u00eda el poder judicial realiza en los juzgados familiares para el desahogo de centenares de procesos.<\/p>\n<p dir=\"ltr\">Asimismo, refrend\u00f3 el inter\u00e9s del poder judicial por priorizar los procesos que involucran la protecci\u00f3n de ni\u00f1os, ni\u00f1as y personas en estado de indefensi\u00f3n, as\u00ed como el dotar de herramientas que permitan armonizar y conciliar el trabajo de servidores p\u00fablicos de los tres niveles de gobierno con el \u00fanico fin de salvaguardar los derechos humanos y garant\u00edas individuales de los grupos mencionados.<\/p>\n<p dir=\"ltr\">En su intervenci\u00f3n, la presidenta del DIF estatal, Yolanda Ram\u00edrez de Orozco, manifest\u00f3 que a partir de hoy, un mayor n\u00famero de colaboradores del Gobierno del Estado tendr\u00e1n la encomienda de representar a ni\u00f1as, ni\u00f1os, adolescentes y de personas que a\u00fan siendo mayores de edad no cuentan con la capacidad para tomar decisiones debido a alguna discapacidad intelectual.<\/p>\n<p dir=\"ltr\">Entre las dependencias e instituciones que suscriben el convenio est\u00e1n la Fiscal\u00eda General del Estado,\u00a0 la Comisi\u00f3n Estatal de Derechos Humanos, el Consejo de Tutela, la Procuradur\u00eda de Derechos de Ni\u00f1as, Ni\u00f1os y Adolescentes, el Instituto de Asesor\u00eda y Defensor\u00eda P\u00fablica, el Instituto Aguascalentense de las Mujeres, el Instituto Municipal de la Mujer y el Instituto de Educaci\u00f3n de Aguascalientes.<\/p>\n","protected":false},"excerpt":{"rendered":"<p>#informativoelvalledeaguascalientes , #novaradioaguascalientes Abogados de algunas dependencias e instituciones tendr\u00e1n la encomienda de representarlos en audiencias y tr\u00e1mites que lo requieran El compromiso es garantizar los derechos humanos y protegerlos de cualquier abuso o abandono: Mart\u00edn Orozco Sandoval Refrenda Poder Judicial compromiso por priorizar los procesos en los juzgados familiares y el r\u00e1pido desahogo de [&hellip;]<\/p>\n","protected":false},"author":1,"featured_media":19168,"comment_status":"closed","ping_status":"open","sticky":false,"template":"","format":"standard","meta":{"advanced_seo_description":"","jetpack_seo_html_title":"","jetpack_seo_noindex":false,"_jetpack_memberships_contains_paid_content":false,"footnotes":"","jetpack_publicize_message":"","jetpack_publicize_feature_enabled":true,"jetpack_social_post_already_shared":true,"jetpack_social_options":{"image_generator_settings":{"template":"highway","default_image_id":0,"font":"","enabled":false},"version":2}},"categories":[21,4],"tags":[22,65,57,39,31],"class_list":["post-19162","post","type-post","status-publish","format-standard","has-post-thumbnail","hentry","category-aguascalientes","category-gobierno-del-estado-aguascalientes","tag-aguascalientes","tag-dif-estatal-aguascalientes","tag-iam","tag-iea","tag-mos"],"jetpack_publicize_connections":[],"jetpack_featured_media_url":"https:\/\/i0.wp.com\/informativoelvalledeaguascalientes.online\/wp-content\/uploads\/2021\/05\/WhatsApp-Image-2021-05-07-at-13.09.52.jpeg?fit=1167%2C779&ssl=1","jetpack-related-posts":[],"jetpack_sharing_enabled":true,"jetpack_likes_enabled":true,"_links":{"self":[{"href":"https:\/\/informativoelvalledeaguascalientes.online\/index.php?rest_route=\/wp\/v2\/posts\/19162","targetHints":{"allow":["GET"]}}],"collection":[{"href":"https:\/\/informativoelvalledeaguascalientes.online\/index.php?rest_route=\/wp\/v2\/posts"}],"about":[{"href":"https:\/\/informativoelvalledeaguascalientes.online\/index.php?rest_route=\/wp\/v2\/types\/post"}],"author":[{"embeddable":true,"href":"https:\/\/informativoelvalledeaguascalientes.online\/index.php?rest_route=\/wp\/v2\/users\/1"}],"replies":[{"embeddable":true,"href":"https:\/\/informativoelvalledeaguascalientes.online\/index.php?rest_route=%2Fwp%2Fv2%2Fcomments&post=19162"}],"version-history":[{"count":1,"href":"https:\/\/informativoelvalledeaguascalientes.online\/index.php?rest_route=\/wp\/v2\/posts\/19162\/revisions"}],"predecessor-version":[{"id":19169,"href":"https:\/\/informativoelvalledeaguascalientes.online\/index.php?rest_route=\/wp\/v2\/posts\/19162\/revisions\/19169"}],"wp:featuredmedia":[{"embeddable":true,"href":"https:\/\/informativoelvalledeaguascalientes.online\/index.php?rest_route=\/wp\/v2\/media\/19168"}],"wp:attachment":[{"href":"https:\/\/informativoelvalledeaguascalientes.online\/index.php?rest_route=%2Fwp%2Fv2%2Fmedia&parent=19162"}],"wp:term":[{"taxonomy":"category","embeddable":true,"href":"https:\/\/informativoelvalledeaguascalientes.online\/index.php?rest_route=%2Fwp%2Fv2%2Fcategories&post=19162"},{"taxonomy":"post_tag","embeddable":true,"href":"https:\/\/informativoelvalledeaguascalientes.online\/index.php?rest_route=%2Fwp%2Fv2%2Ftags&post=19162"}],"curies":[{"name":"wp","href":"https:\/\/api.w.org\/{rel}","templated":true}]}}