{"id":19161,"date":"2021-05-07T14:37:04","date_gmt":"2021-05-07T20:37:04","guid":{"rendered":"https:\/\/informativoelvalledeaguascalientes.online\/?p=19161"},"modified":"2021-05-07T14:37:04","modified_gmt":"2021-05-07T20:37:04","slug":"prevencion-y-visibilizacion-de-violencias-para-combatir-sus-efectos-mas-adversos-iam","status":"publish","type":"post","link":"https:\/\/informativoelvalledeaguascalientes.online\/?p=19161","title":{"rendered":"PREVENCI\u00d3N Y VISIBILIZACI\u00d3N DE VIOLENCIAS PARA COMBATIR SUS EFECTOS M\u00c1S ADVERSOS: IAM"},"content":{"rendered":"<p dir=\"ltr\"><strong>#informativoelvalledeaguascalientes , #novaradioaguascalientes<\/strong><\/p>\n<ul>\n<li dir=\"ltr\">\n<p dir=\"ltr\">Se dar\u00e1 continuidad y refuerzo a los programas que buscan visibilizar las violencias en todos sus grados<\/p>\n<\/li>\n<li dir=\"ltr\">\n<p dir=\"ltr\">A ra\u00edz de la pandemia se ampli\u00f3 la cobertura ante una mayor demanda en los servicios que ofrece el IAM<\/p>\n<\/li>\n<\/ul>\n<p dir=\"ltr\">\n<p dir=\"ltr\">El feminicidio es la escala m\u00e1s radical de las violencias de g\u00e9nero que sufren las mujeres, y para no llegar hasta esa \u00faltima consecuencia, es importante trabajar en la prevenci\u00f3n y la visibilizaci\u00f3n de todos los actos que atentan contra la vida y la dignidad de las ni\u00f1as y mujeres, desde la edad temprana.<\/p>\n<p dir=\"ltr\">\n<p dir=\"ltr\">As\u00ed refiri\u00f3 Edna Garc\u00eda Armer\u00eda, titular del Instituto Aguascalentense de las Mujeres (IAM), al se\u00f1alar que desde la dependencia a su cargo se contin\u00faa con el fortalecimiento y la adaptaci\u00f3n de las estrategias encaminadas a empoderar a las mujeres y erradicar las conductas violentas contra ellas.<\/p>\n<p dir=\"ltr\">\n<p dir=\"ltr\">Garc\u00eda Armer\u00eda apunt\u00f3 que a trav\u00e9s de diversas acciones como talleres, charlas, pl\u00e1ticas y asesor\u00edas psicol\u00f3gicas, jur\u00eddicas y sociales, tanto para poblaci\u00f3n infantil como para j\u00f3venes y adultas de toda la entidad, se pretende que se logren identificar los tipos de violencias en todos su niveles, para no naturalizarse.<\/p>\n<p dir=\"ltr\">\n<p dir=\"ltr\">Se\u00f1al\u00f3 que en concreto, este a\u00f1o se continuar\u00e1 con los programas que ya se vienen gestando desde el 2020, haciendo hincapi\u00e9 en que se dar\u00e1 prioridad a\u00a0 temas como el feminicidio, la trata de personas y la prevenci\u00f3n del embarazo adolescente.<\/p>\n<p dir=\"ltr\">\n<p dir=\"ltr\">Por otro lado, apunt\u00f3 que a ra\u00edz de la contingencia sanitaria se han ampliado las formas de llegar a la poblaci\u00f3n y lograr una cobertura acorde a la demanda de servicios que increment\u00f3 debido al confinamiento.<\/p>\n<p dir=\"ltr\">\n<p dir=\"ltr\">Se\u00f1al\u00f3 en este sentido el uso de unidades m\u00f3viles que recorren las colonias y municipios ofreciendo los servicios integrales del IAM, estrategias en plataformas digitales, as\u00ed como la ampliaci\u00f3n del periodo de estancia en la Casa de Medio Camino, para mujeres y sus hijos v\u00edctimas de violencia en el hogar.<\/p>\n<p dir=\"ltr\">\n<p dir=\"ltr\">Finalmente, la titular se\u00f1al\u00f3 que las puertas del Instituto se encuentran abiertas para recibir a colectivos y organizaciones de mujeres, buscando que en di\u00e1logo y a trav\u00e9s de acciones coordinadas se logre abatir la violencia de g\u00e9nero en la entidad, as\u00ed como atender a aquellas mujeres, ni\u00f1as y j\u00f3venes que han sido v\u00edctimas<\/p>\n","protected":false},"excerpt":{"rendered":"<p>#informativoelvalledeaguascalientes , #novaradioaguascalientes Se dar\u00e1 continuidad y refuerzo a los programas que buscan visibilizar las violencias en todos sus grados A ra\u00edz de la pandemia se ampli\u00f3 la cobertura ante una mayor demanda en los servicios que ofrece el IAM El feminicidio es la escala m\u00e1s radical de las violencias de g\u00e9nero que sufren las [&hellip;]<\/p>\n","protected":false},"author":1,"featured_media":19163,"comment_status":"closed","ping_status":"open","sticky":false,"template":"","format":"standard","meta":{"advanced_seo_description":"","jetpack_seo_html_title":"","jetpack_seo_noindex":false,"_jetpack_memberships_contains_paid_content":false,"footnotes":"","jetpack_publicize_message":"","jetpack_publicize_feature_enabled":true,"jetpack_social_post_already_shared":true,"jetpack_social_options":{"image_generator_settings":{"template":"highway","default_image_id":0,"font":"","enabled":false},"version":2}},"categories":[21,4],"tags":[22,57],"class_list":["post-19161","post","type-post","status-publish","format-standard","has-post-thumbnail","hentry","category-aguascalientes","category-gobierno-del-estado-aguascalientes","tag-aguascalientes","tag-iam"],"jetpack_publicize_connections":[],"jetpack_featured_media_url":"https:\/\/i0.wp.com\/informativoelvalledeaguascalientes.online\/wp-content\/uploads\/2021\/05\/unnamed-7.jpg?fit=1600%2C1226&ssl=1","jetpack-related-posts":[],"jetpack_sharing_enabled":true,"jetpack_likes_enabled":true,"_links":{"self":[{"href":"https:\/\/informativoelvalledeaguascalientes.online\/index.php?rest_route=\/wp\/v2\/posts\/19161","targetHints":{"allow":["GET"]}}],"collection":[{"href":"https:\/\/informativoelvalledeaguascalientes.online\/index.php?rest_route=\/wp\/v2\/posts"}],"about":[{"href":"https:\/\/informativoelvalledeaguascalientes.online\/index.php?rest_route=\/wp\/v2\/types\/post"}],"author":[{"embeddable":true,"href":"https:\/\/informativoelvalledeaguascalientes.online\/index.php?rest_route=\/wp\/v2\/users\/1"}],"replies":[{"embeddable":true,"href":"https:\/\/informativoelvalledeaguascalientes.online\/index.php?rest_route=%2Fwp%2Fv2%2Fcomments&post=19161"}],"version-history":[{"count":1,"href":"https:\/\/informativoelvalledeaguascalientes.online\/index.php?rest_route=\/wp\/v2\/posts\/19161\/revisions"}],"predecessor-version":[{"id":19164,"href":"https:\/\/informativoelvalledeaguascalientes.online\/index.php?rest_route=\/wp\/v2\/posts\/19161\/revisions\/19164"}],"wp:featuredmedia":[{"embeddable":true,"href":"https:\/\/informativoelvalledeaguascalientes.online\/index.php?rest_route=\/wp\/v2\/media\/19163"}],"wp:attachment":[{"href":"https:\/\/informativoelvalledeaguascalientes.online\/index.php?rest_route=%2Fwp%2Fv2%2Fmedia&parent=19161"}],"wp:term":[{"taxonomy":"category","embeddable":true,"href":"https:\/\/informativoelvalledeaguascalientes.online\/index.php?rest_route=%2Fwp%2Fv2%2Fcategories&post=19161"},{"taxonomy":"post_tag","embeddable":true,"href":"https:\/\/informativoelvalledeaguascalientes.online\/index.php?rest_route=%2Fwp%2Fv2%2Ftags&post=19161"}],"curies":[{"name":"wp","href":"https:\/\/api.w.org\/{rel}","templated":true}]}}