{"id":19115,"date":"2021-05-06T22:45:35","date_gmt":"2021-05-07T04:45:35","guid":{"rendered":"https:\/\/informativoelvalledeaguascalientes.online\/?p=19115"},"modified":"2021-05-06T22:45:35","modified_gmt":"2021-05-07T04:45:35","slug":"mayor-coordinacion-y-tecnologia-para-fortalecer-la-estrategia-integral-de-seguridad","status":"publish","type":"post","link":"https:\/\/informativoelvalledeaguascalientes.online\/?p=19115","title":{"rendered":"MAYOR COORDINACI\u00d3N Y TECNOLOG\u00cdA PARA FORTALECER LA ESTRATEGIA INTEGRAL DE SEGURIDAD"},"content":{"rendered":"<p style=\"font-weight: 400;\">#informativoelvalledeaguascalientes , #novaradioaguascalientes<\/p>\n<p style=\"font-weight: 400;\">\n<ul>\n<li style=\"font-weight: 400;\"><strong><em>Accidentes automovil\u00edsticos en el municipio capital ameritan acciones preventivas; las cifras ascendieron a 9 en marzo y 18 en abril.<\/em><\/strong><\/li>\n<li style=\"font-weight: 400;\"><strong><em>Mesa de seguridad estrecha colaboraci\u00f3n con el Comandante de la XIV Zona Militar<\/em><\/strong><\/li>\n<\/ul>\n<p style=\"font-weight: 400;\"><strong><em>\u00a0<\/em><\/strong><\/p>\n<p style=\"font-weight: 400;\">Al dar la bienvenida al nuevo Comandante de la XIV Zona Militar, General de Brigada D.E.M., Jorge Pedro Nieto S\u00e1nchez, y al reci\u00e9n nombrado director del C5, Juan Muro D\u00edaz, el secretario general de Gobierno, Juan Manuel Flores Femat, expres\u00f3 que con su integraci\u00f3n al Comit\u00e9 de Coordinaci\u00f3n Estatal para la Construcci\u00f3n de la Paz, contribuir\u00e1n a fortalecer la estrategia integral de seguridad en la entidad.<\/p>\n<p style=\"font-weight: 400;\">\n<p style=\"font-weight: 400;\">Acompa\u00f1ado por el secretario de Seguridad P\u00fablica del Estado, Porfirio S\u00e1nchez Mendoza, el responsable de la pol\u00edtica interna se\u00f1al\u00f3 que al mantener los trabajos de coordinaci\u00f3n con la XIV Zona Militar y de inteligencia que se realizan desde el C5, las acciones preventivas que se realicen junto con los operativos especiales y la supervisi\u00f3n permanente en el territorio nacional generar\u00e1 resultados positivos en la materia.<\/p>\n<p style=\"font-weight: 400;\">\n<p style=\"font-weight: 400;\">Todos los integrantes se\u00f1alaron la pertinencia de abordar los accidentes viales desde una perspectiva de seguridad, de manera que se integren acciones preventivas en materia de vialidad, para que los conductores hagan uso responsable de todas las v\u00edas de tr\u00e1nsito, principalmente las v\u00edas r\u00e1pidas, a fin de que respeten los l\u00edmites de velocidad y eviten manejar bajo el influjo del alcohol, ya que el n\u00famero de muertes por volcaduras o accidentes ha sido de 9 en marzo y 18 en abril.<\/p>\n<p style=\"font-weight: 400;\">\n<p style=\"font-weight: 400;\">Finalmente, el Comandante de la XIV Zona Militar, expres\u00f3 la disposici\u00f3n de mantener la coordinaci\u00f3n con el gobierno estatal y estrechar los lazos de colaboraci\u00f3n, con el objetivo de cumplir la encomienda que tiene de sus superiores, que es coadyuvar a conservar la seguridad y el clima de tranquilidad del que goza el estado.<\/p>\n","protected":false},"excerpt":{"rendered":"<p>#informativoelvalledeaguascalientes , #novaradioaguascalientes Accidentes automovil\u00edsticos en el municipio capital ameritan acciones preventivas; las cifras ascendieron a 9 en marzo y 18 en abril. Mesa de seguridad estrecha colaboraci\u00f3n con el Comandante de la XIV Zona Militar \u00a0 Al dar la bienvenida al nuevo Comandante de la XIV Zona Militar, General de Brigada D.E.M., Jorge Pedro [&hellip;]<\/p>\n","protected":false},"author":1,"featured_media":19116,"comment_status":"closed","ping_status":"open","sticky":false,"template":"","format":"standard","meta":{"advanced_seo_description":"","jetpack_seo_html_title":"","jetpack_seo_noindex":false,"_jetpack_memberships_contains_paid_content":false,"footnotes":"","jetpack_publicize_message":"","jetpack_publicize_feature_enabled":true,"jetpack_social_post_already_shared":true,"jetpack_social_options":{"image_generator_settings":{"template":"highway","default_image_id":0,"font":"","enabled":false},"version":2}},"categories":[21,4],"tags":[22,51],"class_list":["post-19115","post","type-post","status-publish","format-standard","has-post-thumbnail","hentry","category-aguascalientes","category-gobierno-del-estado-aguascalientes","tag-aguascalientes","tag-seggob"],"jetpack_publicize_connections":[],"jetpack_featured_media_url":"https:\/\/i0.wp.com\/informativoelvalledeaguascalientes.online\/wp-content\/uploads\/2021\/05\/WhatsApp-Image-2021-05-06-at-12.39.34-PM-1.jpeg?fit=1280%2C857&ssl=1","jetpack-related-posts":[],"jetpack_sharing_enabled":true,"jetpack_likes_enabled":true,"_links":{"self":[{"href":"https:\/\/informativoelvalledeaguascalientes.online\/index.php?rest_route=\/wp\/v2\/posts\/19115","targetHints":{"allow":["GET"]}}],"collection":[{"href":"https:\/\/informativoelvalledeaguascalientes.online\/index.php?rest_route=\/wp\/v2\/posts"}],"about":[{"href":"https:\/\/informativoelvalledeaguascalientes.online\/index.php?rest_route=\/wp\/v2\/types\/post"}],"author":[{"embeddable":true,"href":"https:\/\/informativoelvalledeaguascalientes.online\/index.php?rest_route=\/wp\/v2\/users\/1"}],"replies":[{"embeddable":true,"href":"https:\/\/informativoelvalledeaguascalientes.online\/index.php?rest_route=%2Fwp%2Fv2%2Fcomments&post=19115"}],"version-history":[{"count":1,"href":"https:\/\/informativoelvalledeaguascalientes.online\/index.php?rest_route=\/wp\/v2\/posts\/19115\/revisions"}],"predecessor-version":[{"id":19117,"href":"https:\/\/informativoelvalledeaguascalientes.online\/index.php?rest_route=\/wp\/v2\/posts\/19115\/revisions\/19117"}],"wp:featuredmedia":[{"embeddable":true,"href":"https:\/\/informativoelvalledeaguascalientes.online\/index.php?rest_route=\/wp\/v2\/media\/19116"}],"wp:attachment":[{"href":"https:\/\/informativoelvalledeaguascalientes.online\/index.php?rest_route=%2Fwp%2Fv2%2Fmedia&parent=19115"}],"wp:term":[{"taxonomy":"category","embeddable":true,"href":"https:\/\/informativoelvalledeaguascalientes.online\/index.php?rest_route=%2Fwp%2Fv2%2Fcategories&post=19115"},{"taxonomy":"post_tag","embeddable":true,"href":"https:\/\/informativoelvalledeaguascalientes.online\/index.php?rest_route=%2Fwp%2Fv2%2Ftags&post=19115"}],"curies":[{"name":"wp","href":"https:\/\/api.w.org\/{rel}","templated":true}]}}