{"id":19098,"date":"2021-05-05T14:12:55","date_gmt":"2021-05-05T20:12:55","guid":{"rendered":"https:\/\/informativoelvalledeaguascalientes.online\/?p=19098"},"modified":"2021-05-05T14:12:55","modified_gmt":"2021-05-05T20:12:55","slug":"imac-invita-a-maestros-de-musica-a-integrarse-a-las-orquestas-compaz","status":"publish","type":"post","link":"https:\/\/informativoelvalledeaguascalientes.online\/?p=19098","title":{"rendered":"IMAC INVITA A MAESTROS DE M\u00daSICA A INTEGRARSE A LAS ORQUESTAS COMP\u00c1Z"},"content":{"rendered":"<p><strong>#informativoelvalledeaguascalientes , #novaradioaguascalientes<\/strong><\/p>\n<p>El Instituto Municipal Aguascalentense para la Cultura (IMAC) invita a maestras y maestros a participar en las convocatorias para integrarse a la Comunidad de Orquestas Municipales de Aguascalientes (COMP\u00c1Z), en la Banda Sinf\u00f3nica en la Delegaci\u00f3n Pocitos.<\/p>\n<p>Para el puesto de asistente de direcci\u00f3n se invita a ejecutantes musicales con experiencia en proyectos comunitarios, en especial en banda sinf\u00f3nica, educaci\u00f3n musical comprobable, y que tengan como instrumento principal la trompeta, el tromb\u00f3n, el clarinete, o la flauta.<\/p>\n<p>Se convoca tambi\u00e9n a maestras o maestros de las siguientes ense\u00f1anzas: trompeta, tromb\u00f3n, tuba, clarinete, flauta, coro y percusi\u00f3n, con experiencia en proyectos comunitarios, en especial en banda sinf\u00f3nica.<\/p>\n<p>La recepci\u00f3n de documentos ser\u00e1 los d\u00edas\u00a0\u00a07 y 8 de mayo, de 09:30 a 15:00 horas en la escuela de m\u00fasica COMP\u00c1Z, ubicada en calle Loma del Sur 405,\u00a0\u00a0fraccionamiento Lomas del Mirador;\u00a0\u00a0las audiciones se realizar\u00e1n del 10 al 14 de mayo y los resultados se dar\u00e1n a conocer del 17 al 21 de mayo. Las y los seleccionados comenzar\u00e1n actividades el 1 de junio del 2021.<\/p>\n<p>La convocatoria completa puede consultarse en la p\u00e1gina\u00a0<a href=\"http:\/\/www.facebook.com\/imacags\" data-saferedirecturl=\"https:\/\/www.google.com\/url?q=http:\/\/www.facebook.com\/imacags&amp;source=gmail&amp;ust=1620311589143000&amp;usg=AFQjCNHFaUP2WEuMbdGfj7CPWCU4HXsaPg\">www.facebook.com\/imacags<\/a>\u00a0o\u00a0<a href=\"http:\/\/www.facebook.com\/compazags\" data-saferedirecturl=\"https:\/\/www.google.com\/url?q=http:\/\/www.facebook.com\/compazags&amp;source=gmail&amp;ust=1620311589143000&amp;usg=AFQjCNG44Tkf4BPpTIzaHkj4tDDeKoVy-g\">www.facebook.com\/compazags<\/a>\u00a0\u00a0est\u00e1n a disposici\u00f3n los n\u00fameros telef\u00f3nicos 449 377 48 58 y 59 para solicitar mayores informes.<\/p>\n<p><img data-recalc-dims=\"1\" loading=\"lazy\" decoding=\"async\" class=\"alignnone wp-image-19099 size-large\" src=\"https:\/\/i0.wp.com\/informativoelvalledeaguascalientes.online\/wp-content\/uploads\/2021\/05\/convocatoria-maestros-c-scaled-1-637x1024.jpg?resize=637%2C1024\" alt=\"\" width=\"637\" height=\"1024\" srcset=\"https:\/\/i0.wp.com\/informativoelvalledeaguascalientes.online\/wp-content\/uploads\/2021\/05\/convocatoria-maestros-c-scaled-1.jpg?resize=637%2C1024&amp;ssl=1 637w, https:\/\/i0.wp.com\/informativoelvalledeaguascalientes.online\/wp-content\/uploads\/2021\/05\/convocatoria-maestros-c-scaled-1.jpg?resize=187%2C300&amp;ssl=1 187w, https:\/\/i0.wp.com\/informativoelvalledeaguascalientes.online\/wp-content\/uploads\/2021\/05\/convocatoria-maestros-c-scaled-1.jpg?resize=768%2C1235&amp;ssl=1 768w, https:\/\/i0.wp.com\/informativoelvalledeaguascalientes.online\/wp-content\/uploads\/2021\/05\/convocatoria-maestros-c-scaled-1.jpg?resize=955%2C1536&amp;ssl=1 955w, https:\/\/i0.wp.com\/informativoelvalledeaguascalientes.online\/wp-content\/uploads\/2021\/05\/convocatoria-maestros-c-scaled-1.jpg?resize=1274%2C2048&amp;ssl=1 1274w, https:\/\/i0.wp.com\/informativoelvalledeaguascalientes.online\/wp-content\/uploads\/2021\/05\/convocatoria-maestros-c-scaled-1.jpg?w=1592&amp;ssl=1 1592w\" sizes=\"auto, (max-width: 637px) 100vw, 637px\" \/> <img data-recalc-dims=\"1\" loading=\"lazy\" decoding=\"async\" class=\"alignnone wp-image-19100 size-large\" src=\"https:\/\/i0.wp.com\/informativoelvalledeaguascalientes.online\/wp-content\/uploads\/2021\/05\/IMAC-CONVOCATORIA-scaled-1-637x1024.jpg?resize=637%2C1024\" alt=\"\" width=\"637\" height=\"1024\" srcset=\"https:\/\/i0.wp.com\/informativoelvalledeaguascalientes.online\/wp-content\/uploads\/2021\/05\/IMAC-CONVOCATORIA-scaled-1.jpg?resize=637%2C1024&amp;ssl=1 637w, https:\/\/i0.wp.com\/informativoelvalledeaguascalientes.online\/wp-content\/uploads\/2021\/05\/IMAC-CONVOCATORIA-scaled-1.jpg?resize=187%2C300&amp;ssl=1 187w, https:\/\/i0.wp.com\/informativoelvalledeaguascalientes.online\/wp-content\/uploads\/2021\/05\/IMAC-CONVOCATORIA-scaled-1.jpg?resize=768%2C1235&amp;ssl=1 768w, https:\/\/i0.wp.com\/informativoelvalledeaguascalientes.online\/wp-content\/uploads\/2021\/05\/IMAC-CONVOCATORIA-scaled-1.jpg?resize=955%2C1536&amp;ssl=1 955w, https:\/\/i0.wp.com\/informativoelvalledeaguascalientes.online\/wp-content\/uploads\/2021\/05\/IMAC-CONVOCATORIA-scaled-1.jpg?resize=1274%2C2048&amp;ssl=1 1274w, https:\/\/i0.wp.com\/informativoelvalledeaguascalientes.online\/wp-content\/uploads\/2021\/05\/IMAC-CONVOCATORIA-scaled-1.jpg?w=1592&amp;ssl=1 1592w\" sizes=\"auto, (max-width: 637px) 100vw, 637px\" \/><\/p>\n","protected":false},"excerpt":{"rendered":"<p>#informativoelvalledeaguascalientes , #novaradioaguascalientes El Instituto Municipal Aguascalentense para la Cultura (IMAC) invita a maestras y maestros a participar en las convocatorias para integrarse a la Comunidad de Orquestas Municipales de Aguascalientes (COMP\u00c1Z), en la Banda Sinf\u00f3nica en la Delegaci\u00f3n Pocitos. Para el puesto de asistente de direcci\u00f3n se invita a ejecutantes musicales con experiencia en [&hellip;]<\/p>\n","protected":false},"author":1,"featured_media":19101,"comment_status":"closed","ping_status":"open","sticky":false,"template":"","format":"standard","meta":{"advanced_seo_description":"","jetpack_seo_html_title":"","jetpack_seo_noindex":false,"_jetpack_memberships_contains_paid_content":false,"footnotes":"","jetpack_publicize_message":"","jetpack_publicize_feature_enabled":true,"jetpack_social_post_already_shared":true,"jetpack_social_options":{"image_generator_settings":{"template":"highway","default_image_id":0,"font":"","enabled":false},"version":2}},"categories":[21,3],"tags":[22,25,465,118],"class_list":["post-19098","post","type-post","status-publish","format-standard","has-post-thumbnail","hentry","category-aguascalientes","category-municipio-aguascalientes","tag-aguascalientes","tag-mpio-aguascalientes","tag-mpio-aguascalientes-compaz","tag-mpio-aguascalientes-imac"],"jetpack_publicize_connections":[],"jetpack_featured_media_url":"https:\/\/i0.wp.com\/informativoelvalledeaguascalientes.online\/wp-content\/uploads\/2021\/05\/convocatoria-1-1.jpg?fit=1280%2C853&ssl=1","jetpack-related-posts":[],"jetpack_sharing_enabled":true,"jetpack_likes_enabled":true,"_links":{"self":[{"href":"https:\/\/informativoelvalledeaguascalientes.online\/index.php?rest_route=\/wp\/v2\/posts\/19098","targetHints":{"allow":["GET"]}}],"collection":[{"href":"https:\/\/informativoelvalledeaguascalientes.online\/index.php?rest_route=\/wp\/v2\/posts"}],"about":[{"href":"https:\/\/informativoelvalledeaguascalientes.online\/index.php?rest_route=\/wp\/v2\/types\/post"}],"author":[{"embeddable":true,"href":"https:\/\/informativoelvalledeaguascalientes.online\/index.php?rest_route=\/wp\/v2\/users\/1"}],"replies":[{"embeddable":true,"href":"https:\/\/informativoelvalledeaguascalientes.online\/index.php?rest_route=%2Fwp%2Fv2%2Fcomments&post=19098"}],"version-history":[{"count":1,"href":"https:\/\/informativoelvalledeaguascalientes.online\/index.php?rest_route=\/wp\/v2\/posts\/19098\/revisions"}],"predecessor-version":[{"id":19102,"href":"https:\/\/informativoelvalledeaguascalientes.online\/index.php?rest_route=\/wp\/v2\/posts\/19098\/revisions\/19102"}],"wp:featuredmedia":[{"embeddable":true,"href":"https:\/\/informativoelvalledeaguascalientes.online\/index.php?rest_route=\/wp\/v2\/media\/19101"}],"wp:attachment":[{"href":"https:\/\/informativoelvalledeaguascalientes.online\/index.php?rest_route=%2Fwp%2Fv2%2Fmedia&parent=19098"}],"wp:term":[{"taxonomy":"category","embeddable":true,"href":"https:\/\/informativoelvalledeaguascalientes.online\/index.php?rest_route=%2Fwp%2Fv2%2Fcategories&post=19098"},{"taxonomy":"post_tag","embeddable":true,"href":"https:\/\/informativoelvalledeaguascalientes.online\/index.php?rest_route=%2Fwp%2Fv2%2Ftags&post=19098"}],"curies":[{"name":"wp","href":"https:\/\/api.w.org\/{rel}","templated":true}]}}