{"id":19083,"date":"2021-05-05T13:52:11","date_gmt":"2021-05-05T19:52:11","guid":{"rendered":"https:\/\/informativoelvalledeaguascalientes.online\/?p=19083"},"modified":"2021-05-05T13:52:11","modified_gmt":"2021-05-05T19:52:11","slug":"encabeza-martin-orozco-evento-civico-conmemorando-el-clix-aniversario-de-la-batalla-de-puebla","status":"publish","type":"post","link":"https:\/\/informativoelvalledeaguascalientes.online\/?p=19083","title":{"rendered":"ENCABEZA MART\u00cdN OROZCO EVENTO C\u00cdVICO CONMEMORANDO EL CLIX ANIVERSARIO DE LA BATALLA DE PUEBLA\u00a0\u00a0"},"content":{"rendered":"<p dir=\"ltr\"><strong>#informativoelvalledeaguascalientes , #novaradioaguascalientes<\/strong><\/p>\n<p dir=\"ltr\">\n<ul>\n<li dir=\"ltr\">\n<p dir=\"ltr\">Llama a trabajar con voluntad y en unidad para mitigar el rezago educativo y laboral causado por la pandemia<\/p>\n<\/li>\n<li dir=\"ltr\">\n<p dir=\"ltr\">Aguascalientes destaca por \u00edndices de crecimiento econ\u00f3mico, desarrollo social y recuperaci\u00f3n de empleos<\/p>\n<\/li>\n<\/ul>\n<p dir=\"ltr\">Es en unidad como debemos hacerle frente a los factores que afectan el bienestar de las familias de M\u00e9xico y Aguascalientes: la pobreza, la injusticia, las violencias, la carencia de servicios b\u00e1sicos dignos y las amenazas medioambientales, se\u00f1al\u00f3 el gobernador Mart\u00edn Orozco Sandoval al presidir el evento conmemorativo del 5 de mayo.<\/p>\n<p dir=\"ltr\">El gobernador refiri\u00f3 que la conmemoraci\u00f3n de la Batalla de Puebla es una oportunidad para recordar que las naciones logran salir avantes cuando hay voluntad de trabajo en unidad, dejando de lado las diferencias, que en lugar de dividirnos deben darnos fortaleza.<\/p>\n<p dir=\"ltr\">Record\u00f3 la gran labor que han hecho todos los entes sociales en la lucha contra la pandemia, y llam\u00f3 a seguir aportando -cada quien desde su sitio- para mitigar las consecuencias que esta emergencia sanitaria ha tra\u00eddo para el desarrollo, remarcando que el objetivo es seguir cuidando la salud y la vida, los puestos laborales y el progreso escolar de ni\u00f1as, ni\u00f1os y j\u00f3venes.<\/p>\n<p dir=\"ltr\">Finalmente, apunt\u00f3 que Aguascalientes destaca recientemente como una de las cuatro entidades con menos rezago social as\u00ed como la quinta en el pa\u00eds donde se observ\u00f3 un mayor crecimiento econ\u00f3mico en el \u00faltimo trimestre del 2020, esto, aunado a la recuperaci\u00f3n de empleos perdidos durante la contingencia gracias al trabajo coordinado entre gobiernos, empresas y sociedad.<\/p>\n<p dir=\"ltr\">En el acto c\u00edvico protocolario se agradeci\u00f3 la asistencia de representantes de los tres \u00f3rdenes de gobierno, as\u00ed como de la XIV Zona Militar, a quien el gobernador extendi\u00f3 un reconocimiento por su labor en el apoyo a las familias durante la contingencia por COVID-19 y su actuaci\u00f3n en la vacunaci\u00f3n.<\/p>\n<p dir=\"ltr\">\n<p dir=\"ltr\">\n","protected":false},"excerpt":{"rendered":"<p>#informativoelvalledeaguascalientes , #novaradioaguascalientes Llama a trabajar con voluntad y en unidad para mitigar el rezago educativo y laboral causado por la pandemia Aguascalientes destaca por \u00edndices de crecimiento econ\u00f3mico, desarrollo social y recuperaci\u00f3n de empleos Es en unidad como debemos hacerle frente a los factores que afectan el bienestar de las familias de M\u00e9xico y [&hellip;]<\/p>\n","protected":false},"author":1,"featured_media":19084,"comment_status":"closed","ping_status":"open","sticky":false,"template":"","format":"standard","meta":{"advanced_seo_description":"","jetpack_seo_html_title":"","jetpack_seo_noindex":false,"_jetpack_memberships_contains_paid_content":false,"footnotes":"","jetpack_publicize_message":"","jetpack_publicize_feature_enabled":true,"jetpack_social_post_already_shared":true,"jetpack_social_options":{"image_generator_settings":{"template":"highway","default_image_id":0,"font":"","enabled":false},"version":2}},"categories":[21,4],"tags":[22,31,51],"class_list":["post-19083","post","type-post","status-publish","format-standard","has-post-thumbnail","hentry","category-aguascalientes","category-gobierno-del-estado-aguascalientes","tag-aguascalientes","tag-mos","tag-seggob"],"jetpack_publicize_connections":[],"jetpack_featured_media_url":"https:\/\/i0.wp.com\/informativoelvalledeaguascalientes.online\/wp-content\/uploads\/2021\/05\/WhatsApp-Image-2021-05-05-at-10.58.09-AM.jpeg?fit=1280%2C824&ssl=1","jetpack-related-posts":[],"jetpack_sharing_enabled":true,"jetpack_likes_enabled":true,"_links":{"self":[{"href":"https:\/\/informativoelvalledeaguascalientes.online\/index.php?rest_route=\/wp\/v2\/posts\/19083","targetHints":{"allow":["GET"]}}],"collection":[{"href":"https:\/\/informativoelvalledeaguascalientes.online\/index.php?rest_route=\/wp\/v2\/posts"}],"about":[{"href":"https:\/\/informativoelvalledeaguascalientes.online\/index.php?rest_route=\/wp\/v2\/types\/post"}],"author":[{"embeddable":true,"href":"https:\/\/informativoelvalledeaguascalientes.online\/index.php?rest_route=\/wp\/v2\/users\/1"}],"replies":[{"embeddable":true,"href":"https:\/\/informativoelvalledeaguascalientes.online\/index.php?rest_route=%2Fwp%2Fv2%2Fcomments&post=19083"}],"version-history":[{"count":1,"href":"https:\/\/informativoelvalledeaguascalientes.online\/index.php?rest_route=\/wp\/v2\/posts\/19083\/revisions"}],"predecessor-version":[{"id":19085,"href":"https:\/\/informativoelvalledeaguascalientes.online\/index.php?rest_route=\/wp\/v2\/posts\/19083\/revisions\/19085"}],"wp:featuredmedia":[{"embeddable":true,"href":"https:\/\/informativoelvalledeaguascalientes.online\/index.php?rest_route=\/wp\/v2\/media\/19084"}],"wp:attachment":[{"href":"https:\/\/informativoelvalledeaguascalientes.online\/index.php?rest_route=%2Fwp%2Fv2%2Fmedia&parent=19083"}],"wp:term":[{"taxonomy":"category","embeddable":true,"href":"https:\/\/informativoelvalledeaguascalientes.online\/index.php?rest_route=%2Fwp%2Fv2%2Fcategories&post=19083"},{"taxonomy":"post_tag","embeddable":true,"href":"https:\/\/informativoelvalledeaguascalientes.online\/index.php?rest_route=%2Fwp%2Fv2%2Ftags&post=19083"}],"curies":[{"name":"wp","href":"https:\/\/api.w.org\/{rel}","templated":true}]}}