{"id":18849,"date":"2021-04-29T15:48:41","date_gmt":"2021-04-29T21:48:41","guid":{"rendered":"https:\/\/informativoelvalledeaguascalientes.online\/?p=18849"},"modified":"2021-04-29T15:48:41","modified_gmt":"2021-04-29T21:48:41","slug":"calvillo-aguascalientes-informa-17","status":"publish","type":"post","link":"https:\/\/informativoelvalledeaguascalientes.online\/?p=18849","title":{"rendered":"Calvillo, Aguascalientes. Informa"},"content":{"rendered":"<p><img data-recalc-dims=\"1\" loading=\"lazy\" decoding=\"async\" class=\"alignnone wp-image-18731 size-full\" src=\"https:\/\/i0.wp.com\/informativoelvalledeaguascalientes.online\/wp-content\/uploads\/2021\/04\/calvillo_ags_charros_2704021.jpg?resize=640%2C395\" alt=\"\" width=\"640\" height=\"395\" srcset=\"https:\/\/i0.wp.com\/informativoelvalledeaguascalientes.online\/wp-content\/uploads\/2021\/04\/calvillo_ags_charros_2704021.jpg?w=1280&amp;ssl=1 1280w, https:\/\/i0.wp.com\/informativoelvalledeaguascalientes.online\/wp-content\/uploads\/2021\/04\/calvillo_ags_charros_2704021.jpg?resize=300%2C185&amp;ssl=1 300w, https:\/\/i0.wp.com\/informativoelvalledeaguascalientes.online\/wp-content\/uploads\/2021\/04\/calvillo_ags_charros_2704021.jpg?resize=1024%2C631&amp;ssl=1 1024w, https:\/\/i0.wp.com\/informativoelvalledeaguascalientes.online\/wp-content\/uploads\/2021\/04\/calvillo_ags_charros_2704021.jpg?resize=768%2C473&amp;ssl=1 768w\" sizes=\"auto, (max-width: 640px) 100vw, 640px\" \/><\/p>\n<p>Iniciamos con la segunda etapa del Torneo Estatal Charro.<br \/>\nEn la primera charreada est\u00e1n los charros de El Sabinal y La Martinica.<\/p>\n<p>Te invitamos a las charraeadas de hoy que ser\u00e1n a las 3:00 y 6:00 pm, recuerda usar correctamente tu cubrebocas y que hay cupo limitado.<\/p>\n<p>#ACHC #CalvilloPuebloM\u00e1gico #EstatamCharroAgs2021 #Charrer\u00edaOrgulloDeM\u00e9xico<\/p>\n","protected":false},"excerpt":{"rendered":"<p>Iniciamos con la segunda etapa del Torneo Estatal Charro. En la primera charreada est\u00e1n los charros de El Sabinal y La Martinica. Te invitamos a las charraeadas de hoy que ser\u00e1n a las 3:00 y 6:00 pm, recuerda usar correctamente tu cubrebocas y que hay cupo limitado. #ACHC #CalvilloPuebloM\u00e1gico #EstatamCharroAgs2021 #Charrer\u00edaOrgulloDeM\u00e9xico<\/p>\n","protected":false},"author":1,"featured_media":18850,"comment_status":"closed","ping_status":"open","sticky":false,"template":"","format":"standard","meta":{"_monsterinsights_skip_tracking":false,"advanced_seo_description":"","jetpack_seo_html_title":"","jetpack_seo_noindex":false,"jetpack_seo_schema_type":"","_jetpack_newsletter_access":"","_jetpack_dont_email_post_to_subs":false,"_jetpack_newsletter_tier_id":0,"_jetpack_memberships_contains_paywalled_content":false,"_jetpack_feature_clip_id":0,"_jetpack_memberships_contains_paid_content":false,"footnotes":"","jetpack_publicize_message":"","jetpack_publicize_feature_enabled":true,"jetpack_social_post_already_shared":true,"jetpack_social_options":{"image_generator_settings":{"template":"highway","default_image_id":0,"font":"","enabled":false},"version":2},"jetpack_post_was_ever_published":false},"categories":[21,13],"tags":[22,88,29],"class_list":["post-18849","post","type-post","status-publish","format-standard","has-post-thumbnail","hentry","category-aguascalientes","category-calvillo-aguascalientes","tag-aguascalientes","tag-calvillo","tag-calvillo-aguascalientes"],"jetpack_publicize_connections":[],"jetpack_featured_media_url":"https:\/\/i0.wp.com\/informativoelvalledeaguascalientes.online\/wp-content\/uploads\/2021\/04\/66c6ac2c-828d-46ad-af00-44a2dc5acd1a.jpg?fit=960%2C682&ssl=1","jetpack-related-posts":[],"jetpack_sharing_enabled":true,"jetpack_likes_enabled":true,"_links":{"self":[{"href":"https:\/\/informativoelvalledeaguascalientes.online\/index.php?rest_route=\/wp\/v2\/posts\/18849","targetHints":{"allow":["GET"]}}],"collection":[{"href":"https:\/\/informativoelvalledeaguascalientes.online\/index.php?rest_route=\/wp\/v2\/posts"}],"about":[{"href":"https:\/\/informativoelvalledeaguascalientes.online\/index.php?rest_route=\/wp\/v2\/types\/post"}],"author":[{"embeddable":true,"href":"https:\/\/informativoelvalledeaguascalientes.online\/index.php?rest_route=\/wp\/v2\/users\/1"}],"replies":[{"embeddable":true,"href":"https:\/\/informativoelvalledeaguascalientes.online\/index.php?rest_route=%2Fwp%2Fv2%2Fcomments&post=18849"}],"version-history":[{"count":1,"href":"https:\/\/informativoelvalledeaguascalientes.online\/index.php?rest_route=\/wp\/v2\/posts\/18849\/revisions"}],"predecessor-version":[{"id":18851,"href":"https:\/\/informativoelvalledeaguascalientes.online\/index.php?rest_route=\/wp\/v2\/posts\/18849\/revisions\/18851"}],"wp:featuredmedia":[{"embeddable":true,"href":"https:\/\/informativoelvalledeaguascalientes.online\/index.php?rest_route=\/wp\/v2\/media\/18850"}],"wp:attachment":[{"href":"https:\/\/informativoelvalledeaguascalientes.online\/index.php?rest_route=%2Fwp%2Fv2%2Fmedia&parent=18849"}],"wp:term":[{"taxonomy":"category","embeddable":true,"href":"https:\/\/informativoelvalledeaguascalientes.online\/index.php?rest_route=%2Fwp%2Fv2%2Fcategories&post=18849"},{"taxonomy":"post_tag","embeddable":true,"href":"https:\/\/informativoelvalledeaguascalientes.online\/index.php?rest_route=%2Fwp%2Fv2%2Ftags&post=18849"}],"curies":[{"name":"wp","href":"https:\/\/api.w.org\/{rel}","templated":true}]}}