{"id":18782,"date":"2021-04-28T15:04:41","date_gmt":"2021-04-28T21:04:41","guid":{"rendered":"https:\/\/informativoelvalledeaguascalientes.online\/?p=18782"},"modified":"2021-04-28T15:05:23","modified_gmt":"2021-04-28T21:05:23","slug":"los-diputados-abdel-luevano-nunez-julio-cesar-velasco-lopez-y-la-legisladora-maria-guadalupe-casas-llamas-rindieron-la-protesta-de-ley-como-presidente-secretario-y-vocal","status":"publish","type":"post","link":"https:\/\/informativoelvalledeaguascalientes.online\/?p=18782","title":{"rendered":"Los diputados Abdel Lu\u00e9vano N\u00fa\u00f1ez, Julio C\u00e9sar Velasco L\u00f3pez y la legisladora Mar\u00eda Guadalupe Casas Llamas, rindieron la protesta de ley como presidente secretario y vocal."},"content":{"rendered":"<p>Este mi\u00e9rcoles, en el sal\u00f3n Aquiles Elorduy Garc\u00eda, los diputados Abdel Lu\u00e9vano N\u00fa\u00f1ez, Julio C\u00e9sar Velasco L\u00f3pez y la legisladora Mar\u00eda Guadalupe Casas Llamas, rindieron la protesta de ley como presidente secretario y vocal, en ese orden, de la Comisi\u00f3n de Desarrollo Econ\u00f3mico, Fomento Cooperativo y Turismo de la LXIV Legislatura.<\/p>\n<p>&nbsp;<\/p>\n<p>Tras asumir su funci\u00f3n como cabeza de esta Comisi\u00f3n, Lu\u00e9vano N\u00fa\u00f1ez, refrend\u00f3 el compromiso del Congreso del Estado por impulsar las iniciativas que den paso a la formulaci\u00f3n de pol\u00edticas p\u00fablicas que ayuden a fortalecer y rescatar a las MyPimes que enfrentan dificultades, adem\u00e1s de adecuar el marco normativo que permita sopesar el impacto econ\u00f3mico que ha provocado la pandemia en el ramo tur\u00edstico.<\/p>\n","protected":false},"excerpt":{"rendered":"<p>Este mi\u00e9rcoles, en el sal\u00f3n Aquiles Elorduy Garc\u00eda, los diputados Abdel Lu\u00e9vano N\u00fa\u00f1ez, Julio C\u00e9sar Velasco L\u00f3pez y la legisladora Mar\u00eda Guadalupe Casas Llamas, rindieron la protesta de ley como presidente secretario y vocal, en ese orden, de la Comisi\u00f3n de Desarrollo Econ\u00f3mico, Fomento Cooperativo y Turismo de la LXIV Legislatura. &nbsp; Tras asumir su [&hellip;]<\/p>\n","protected":false},"author":1,"featured_media":18783,"comment_status":"closed","ping_status":"open","sticky":false,"template":"","format":"standard","meta":{"advanced_seo_description":"","jetpack_seo_html_title":"","jetpack_seo_noindex":false,"_jetpack_memberships_contains_paid_content":false,"footnotes":"","jetpack_publicize_message":"","jetpack_publicize_feature_enabled":true,"jetpack_social_post_already_shared":true,"jetpack_social_options":{"image_generator_settings":{"template":"highway","default_image_id":0,"font":"","enabled":false},"version":2}},"categories":[21,5],"tags":[22,44],"class_list":["post-18782","post","type-post","status-publish","format-standard","has-post-thumbnail","hentry","category-aguascalientes","category-h-congreso-del-estado-aguascalientes","tag-aguascalientes","tag-lxiv-legislatura-aguascalientes"],"jetpack_publicize_connections":[],"jetpack_featured_media_url":"https:\/\/i0.wp.com\/informativoelvalledeaguascalientes.online\/wp-content\/uploads\/2021\/04\/2804.jpg?fit=1417%2C797&ssl=1","jetpack-related-posts":[],"jetpack_sharing_enabled":true,"jetpack_likes_enabled":true,"_links":{"self":[{"href":"https:\/\/informativoelvalledeaguascalientes.online\/index.php?rest_route=\/wp\/v2\/posts\/18782","targetHints":{"allow":["GET"]}}],"collection":[{"href":"https:\/\/informativoelvalledeaguascalientes.online\/index.php?rest_route=\/wp\/v2\/posts"}],"about":[{"href":"https:\/\/informativoelvalledeaguascalientes.online\/index.php?rest_route=\/wp\/v2\/types\/post"}],"author":[{"embeddable":true,"href":"https:\/\/informativoelvalledeaguascalientes.online\/index.php?rest_route=\/wp\/v2\/users\/1"}],"replies":[{"embeddable":true,"href":"https:\/\/informativoelvalledeaguascalientes.online\/index.php?rest_route=%2Fwp%2Fv2%2Fcomments&post=18782"}],"version-history":[{"count":2,"href":"https:\/\/informativoelvalledeaguascalientes.online\/index.php?rest_route=\/wp\/v2\/posts\/18782\/revisions"}],"predecessor-version":[{"id":18786,"href":"https:\/\/informativoelvalledeaguascalientes.online\/index.php?rest_route=\/wp\/v2\/posts\/18782\/revisions\/18786"}],"wp:featuredmedia":[{"embeddable":true,"href":"https:\/\/informativoelvalledeaguascalientes.online\/index.php?rest_route=\/wp\/v2\/media\/18783"}],"wp:attachment":[{"href":"https:\/\/informativoelvalledeaguascalientes.online\/index.php?rest_route=%2Fwp%2Fv2%2Fmedia&parent=18782"}],"wp:term":[{"taxonomy":"category","embeddable":true,"href":"https:\/\/informativoelvalledeaguascalientes.online\/index.php?rest_route=%2Fwp%2Fv2%2Fcategories&post=18782"},{"taxonomy":"post_tag","embeddable":true,"href":"https:\/\/informativoelvalledeaguascalientes.online\/index.php?rest_route=%2Fwp%2Fv2%2Ftags&post=18782"}],"curies":[{"name":"wp","href":"https:\/\/api.w.org\/{rel}","templated":true}]}}