{"id":18703,"date":"2021-04-27T18:17:28","date_gmt":"2021-04-28T00:17:28","guid":{"rendered":"https:\/\/informativoelvalledeaguascalientes.online\/?p=18703"},"modified":"2021-04-27T18:17:28","modified_gmt":"2021-04-28T00:17:28","slug":"aguascalientes-inicia-con-vacunacion-a-su-personal-educativo","status":"publish","type":"post","link":"https:\/\/informativoelvalledeaguascalientes.online\/?p=18703","title":{"rendered":"AGUASCALIENTES INICIA CON VACUNACI\u00d3N A SU PERSONAL EDUCATIVO\u00a0"},"content":{"rendered":"<p>#informativoelvalledeaguascalientes\u00a0 #novaradioaguascalientes<\/p>\n<p><span style=\"color: #0000ff;\"><b><i>LINK DESCARGA CALENDARIO DE VACUNACI\u00d3N PERSONAL EDUCATIVO ALTA DEFINICI\u00d3N:\u00a0<\/i><\/b><\/span><a href=\"https:\/\/we.tl\/t-YBTyXK4b9P\" target=\"_blank\" rel=\"noopener\" data-saferedirecturl=\"https:\/\/www.google.com\/url?q=https:\/\/we.tl\/t-YBTyXK4b9P&amp;source=gmail&amp;ust=1619649631460000&amp;usg=AFQjCNGvk1JXF0LjWojHeBbIf7sQ4zYC5Q\">https:\/\/we.tl\/t-<wbr \/>YBTyXK4b9P<\/a><\/p>\n<p dir=\"ltr\">\n<ul>\n<li dir=\"ltr\">\n<p dir=\"ltr\">Inici\u00f3 este 27 de abril y terminar\u00e1 el pr\u00f3ximo 1\u00ba de mayo; habr\u00e1 cinco sedes para dicha jornada de vacunaci\u00f3n<\/p>\n<\/li>\n<li dir=\"ltr\">\n<p dir=\"ltr\">El calendario para conocer el orden de vacunaci\u00f3n del personal educativo puede consultarse en redes sociales oficiales del Gobierno del Estado<\/p>\n<\/li>\n<\/ul>\n<p dir=\"ltr\">Arranc\u00f3 en Aguascalientes la vacunaci\u00f3n contra COVID-19 para todo el personal que labora en instituciones educativas, anunci\u00f3 el gobernador Mart\u00edn Orozco Sandoval, quien se\u00f1al\u00f3 que ser\u00e1n cinco las sedes (UAA, Foro de las Estrellas, Pintores Mexicanos, Sal\u00f3n Locomotoras y IV Centenario) que se habilitar\u00e1n para esta jornada que culminar\u00e1 el pr\u00f3ximo s\u00e1bado 1\u00ba de mayo en horarios de 8:00 a 14:00 horas.<\/p>\n<p dir=\"ltr\">El mandatario celebr\u00f3 que se d\u00e9 un paso m\u00e1s para un futuro regreso presencial a las aulas, el cual deber\u00e1 ser en cuanto las condiciones sanitarias as\u00ed lo permitan y la totalidad de trabajadores del sector educativo se encuentran inoculados.<\/p>\n<p dir=\"ltr\">Asimismo, destac\u00f3 la importancia de reactivar las actividades escolares pues son necesarias para atender el rezago de alumnas y alumnos de los diferentes niveles, adem\u00e1s para continuar destacando a nivel nacional en materia educativa.<\/p>\n<p dir=\"ltr\">El director general del Instituto de Educaci\u00f3n de Aguascalientes, Ulises Reyes Esparza, explic\u00f3 que en una primera etapa se planea vacunar a m\u00e1s de 39 mil colaboradores de formaci\u00f3n inicial, preescolar, primaria, secundaria, nivel medio superior y superior. Y posteriormente, dijo, se solicitar\u00e1 un segundo lote del biol\u00f3gico para inocular a personal rezagado y a padres de familia que integrar\u00e1n los Consejos Escolares de Salud de cada plantel.<\/p>\n<p dir=\"ltr\">Inform\u00f3 que cada trabajador debe llegar el d\u00eda y sede que le corresponda de acuerdo al calendario que se ha publicado en las redes sociales oficiales de Gobierno del Estado y del propio IEA.<\/p>\n<p dir=\"ltr\">Posteriormente, coment\u00f3 que la persona deber\u00e1 aparecer en un listado que conform\u00f3 la instituci\u00f3n en la que trabaja, as\u00ed como presentar una identificaci\u00f3n oficial y su CURP impresa. Una vez localizada en el padr\u00f3n se le pedir\u00e1 llenar una ficha de registro para, posteriormente, pasar a la zona de aplicaci\u00f3n de la vacuna Cansino y finalmente, esperar 30 minutos en el \u00e1rea de observaci\u00f3n.<\/p>\n<p dir=\"ltr\">Reyes Esparza aclar\u00f3 que si la o el interesado no se encuentra en el listado, deber\u00e1 presentar un documento oficial para avalar que pertenece a la plantilla laboral de la instituci\u00f3n educativa, de esta manera se le podr\u00e1 inmunizar.<\/p>\n<p dir=\"ltr\">Finalmente, se\u00f1al\u00f3 que se aplicar\u00e1 el biol\u00f3gico exclusivamente al personal que labore en la entidad; adem\u00e1s, refiri\u00f3 que se gestionar\u00e1 con las autoridades federales\u00a0 un periodo extraordinario para quienes no pudieran acudir a la jornada o no se encuentren en el estado por periodo vacacional.<\/p>\n<p dir=\"ltr\">Cabe destacar que durante este anuncio, tambi\u00e9n estuvo presente el titular de la Unidad de Educaci\u00f3n Tecnol\u00f3gica Industrial y de Servicios, Rafael S\u00e1nchez Andrade, en representaci\u00f3n de Delfina G\u00f3mez \u00c1lvarez, secretaria de Educaci\u00f3n P\u00fablica, quien destac\u00f3 que Aguascalientes es un referente nacional en el tema educativo.<\/p>\n<p dir=\"ltr\">Para mayores informes\u00a0 se puede consultar la p\u00e1gina de Facebook de Gobierno del Estado de Aguascalientes e Instituto de Educaci\u00f3n de Aguascalientes; tambi\u00e9n puede comunicarse al 4499740606.<\/p>\n<p>&nbsp;<\/p>\n","protected":false},"excerpt":{"rendered":"<p>#informativoelvalledeaguascalientes\u00a0 #novaradioaguascalientes LINK DESCARGA CALENDARIO DE VACUNACI\u00d3N PERSONAL EDUCATIVO ALTA DEFINICI\u00d3N:\u00a0https:\/\/we.tl\/t-YBTyXK4b9P Inici\u00f3 este 27 de abril y terminar\u00e1 el pr\u00f3ximo 1\u00ba de mayo; habr\u00e1 cinco sedes para dicha jornada de vacunaci\u00f3n El calendario para conocer el orden de vacunaci\u00f3n del personal educativo puede consultarse en redes sociales oficiales del Gobierno del Estado Arranc\u00f3 en Aguascalientes [&hellip;]<\/p>\n","protected":false},"author":1,"featured_media":18704,"comment_status":"closed","ping_status":"open","sticky":false,"template":"","format":"standard","meta":{"advanced_seo_description":"","jetpack_seo_html_title":"","jetpack_seo_noindex":false,"_jetpack_memberships_contains_paid_content":false,"footnotes":"","jetpack_publicize_message":"","jetpack_publicize_feature_enabled":true,"jetpack_social_post_already_shared":true,"jetpack_social_options":{"image_generator_settings":{"template":"highway","default_image_id":0,"font":"","enabled":false},"version":2}},"categories":[21,4],"tags":[22,30,31],"class_list":["post-18703","post","type-post","status-publish","format-standard","has-post-thumbnail","hentry","category-aguascalientes","category-gobierno-del-estado-aguascalientes","tag-aguascalientes","tag-issea","tag-mos"],"jetpack_publicize_connections":[],"jetpack_featured_media_url":"https:\/\/i0.wp.com\/informativoelvalledeaguascalientes.online\/wp-content\/uploads\/2021\/04\/mos_issea_profes_27042021.jpg?fit=939%2C625&ssl=1","jetpack-related-posts":[],"jetpack_sharing_enabled":true,"jetpack_likes_enabled":true,"_links":{"self":[{"href":"https:\/\/informativoelvalledeaguascalientes.online\/index.php?rest_route=\/wp\/v2\/posts\/18703","targetHints":{"allow":["GET"]}}],"collection":[{"href":"https:\/\/informativoelvalledeaguascalientes.online\/index.php?rest_route=\/wp\/v2\/posts"}],"about":[{"href":"https:\/\/informativoelvalledeaguascalientes.online\/index.php?rest_route=\/wp\/v2\/types\/post"}],"author":[{"embeddable":true,"href":"https:\/\/informativoelvalledeaguascalientes.online\/index.php?rest_route=\/wp\/v2\/users\/1"}],"replies":[{"embeddable":true,"href":"https:\/\/informativoelvalledeaguascalientes.online\/index.php?rest_route=%2Fwp%2Fv2%2Fcomments&post=18703"}],"version-history":[{"count":1,"href":"https:\/\/informativoelvalledeaguascalientes.online\/index.php?rest_route=\/wp\/v2\/posts\/18703\/revisions"}],"predecessor-version":[{"id":18705,"href":"https:\/\/informativoelvalledeaguascalientes.online\/index.php?rest_route=\/wp\/v2\/posts\/18703\/revisions\/18705"}],"wp:featuredmedia":[{"embeddable":true,"href":"https:\/\/informativoelvalledeaguascalientes.online\/index.php?rest_route=\/wp\/v2\/media\/18704"}],"wp:attachment":[{"href":"https:\/\/informativoelvalledeaguascalientes.online\/index.php?rest_route=%2Fwp%2Fv2%2Fmedia&parent=18703"}],"wp:term":[{"taxonomy":"category","embeddable":true,"href":"https:\/\/informativoelvalledeaguascalientes.online\/index.php?rest_route=%2Fwp%2Fv2%2Fcategories&post=18703"},{"taxonomy":"post_tag","embeddable":true,"href":"https:\/\/informativoelvalledeaguascalientes.online\/index.php?rest_route=%2Fwp%2Fv2%2Ftags&post=18703"}],"curies":[{"name":"wp","href":"https:\/\/api.w.org\/{rel}","templated":true}]}}