{"id":18700,"date":"2021-04-27T18:14:05","date_gmt":"2021-04-28T00:14:05","guid":{"rendered":"https:\/\/informativoelvalledeaguascalientes.online\/?p=18700"},"modified":"2021-04-27T18:14:05","modified_gmt":"2021-04-28T00:14:05","slug":"fue-un-final-cardiaco-edwin-arenas","status":"publish","type":"post","link":"https:\/\/informativoelvalledeaguascalientes.online\/?p=18700","title":{"rendered":"\u201cFUE UN FINAL CARDIACO\u201d: EDWIN ARENAS"},"content":{"rendered":"<p style=\"font-weight: 400;\">#informativoelvalledeaguascalientes\u00a0 #novaradioaguascalientes<\/p>\n<p style=\"font-weight: 400;\">El actual l\u00edder de las posiciones de la F5, Edwin Arenas de Megainvoce-ATDAC, dijo que el final de la primera fecha de S\u00faper Copa que se corri\u00f3 en Guadalajara, fue realmente card\u00edaco.<\/p>\n<p style=\"font-weight: 400;\">\u201cTen\u00eda atr\u00e1s m\u00edo nada menos que al campe\u00f3n, Enrique Reyna, y adelante estaban Federico Sol\u00eds e Iv\u00e1n Gonz\u00e1lez. Pregunt\u00e9 por radio cuanto tiempo faltaba porque est\u00e1bamos con bandera amarilla y me contestaron que poco m\u00e1s de 2 minutos por lo que sab\u00eda que iba ser un final de verde, blanca y cuadros\u201d, dijo Arenas.<\/p>\n<p style=\"font-weight: 400;\">Record\u00f3 que en la \u00faltima vuelta ten\u00eda muy pegado al potosino Reyna y cuando vio que Sol\u00eds y Gonz\u00e1lez se abrieron un poco m\u00e1s de lo normal, faltando pocos metros para la meta, aprovecho para rebasarlos: \u201cFue una gran victoria, la disfrut\u00e9 mucho\u201d.<\/p>\n<p style=\"font-weight: 400;\">Edwin felicit\u00f3 a la organizaci\u00f3n porque la F5 present\u00f3 una parrilla bastante nutrida con 21 monoplazas: \u201cCreo que son buenos los cambios que S\u00faper Copa hizo al reglamento y no tengo dudas que se ir\u00e1n sumando m\u00e1s monoplazas a medida que transcurra la temporada\u201d.<\/p>\n<p style=\"font-weight: 400;\">El piloto capitalino dijo adem\u00e1s que considera que la disputa por el m\u00e1ximo galard\u00f3n ser\u00e1 m\u00e1s re\u00f1ida que en otros a\u00f1os y que eso es muy bueno para la categor\u00eda: Est\u00e1 el campe\u00f3n, Federico, Iv\u00e1n, yo y otros que se ven con muchas posibilidades de aspirar a lugares en el podio\u201d.<\/p>\n<p style=\"font-weight: 400;\">Sobre si piensa en el campeonato dijo que si bien la temporada reci\u00e9n comienza, que s\u00ed lo ha pensado. Considera que se tiene que ser muy constante, porque con dos carreras malas ya no se podr\u00eda pensar en quedar en el primer lugar.<\/p>\n<p style=\"font-weight: 400;\">\u201cAhora viene Aguascalientes que es una pista que no conozco, aunque me informaron que es bastante r\u00e1pida, nosotros ya estamos trabajando con miras a esa carrera y como lo dije si no se puede ganar, el objetivo es sumar la mayor cantidad de puntos posibles\u201d, aclar\u00f3.<\/p>\n<p style=\"font-weight: 400;\">El l\u00edder en las posiciones del campeonato de la F5 coment\u00f3 adem\u00e1s que con un grupo de pilotos de la categor\u00eda est\u00e1n planeando un track day que muy posiblemente sea en el \u00d3valo Aguascalientes M\u00e9xico o en caso contrario en el Aut\u00f3dromo de Quer\u00e9taro.<\/p>\n","protected":false},"excerpt":{"rendered":"<p>#informativoelvalledeaguascalientes\u00a0 #novaradioaguascalientes El actual l\u00edder de las posiciones de la F5, Edwin Arenas de Megainvoce-ATDAC, dijo que el final de la primera fecha de S\u00faper Copa que se corri\u00f3 en Guadalajara, fue realmente card\u00edaco. \u201cTen\u00eda atr\u00e1s m\u00edo nada menos que al campe\u00f3n, Enrique Reyna, y adelante estaban Federico Sol\u00eds e Iv\u00e1n Gonz\u00e1lez. Pregunt\u00e9 por radio [&hellip;]<\/p>\n","protected":false},"author":1,"featured_media":18701,"comment_status":"closed","ping_status":"open","sticky":false,"template":"","format":"standard","meta":{"advanced_seo_description":"","jetpack_seo_html_title":"","jetpack_seo_noindex":false,"_jetpack_memberships_contains_paid_content":false,"footnotes":"","jetpack_publicize_message":"","jetpack_publicize_feature_enabled":true,"jetpack_social_post_already_shared":true,"jetpack_social_options":{"image_generator_settings":{"template":"highway","default_image_id":0,"font":"","enabled":false},"version":2}},"categories":[19],"tags":[232,125],"class_list":["post-18700","post","type-post","status-publish","format-standard","has-post-thumbnail","hentry","category-informacion-general","tag-informacion-general","tag-super-copa"],"jetpack_publicize_connections":[],"jetpack_featured_media_url":"https:\/\/i0.wp.com\/informativoelvalledeaguascalientes.online\/wp-content\/uploads\/2021\/04\/super-copa_27042021.jpg?fit=937%2C625&ssl=1","jetpack-related-posts":[],"jetpack_sharing_enabled":true,"jetpack_likes_enabled":true,"_links":{"self":[{"href":"https:\/\/informativoelvalledeaguascalientes.online\/index.php?rest_route=\/wp\/v2\/posts\/18700","targetHints":{"allow":["GET"]}}],"collection":[{"href":"https:\/\/informativoelvalledeaguascalientes.online\/index.php?rest_route=\/wp\/v2\/posts"}],"about":[{"href":"https:\/\/informativoelvalledeaguascalientes.online\/index.php?rest_route=\/wp\/v2\/types\/post"}],"author":[{"embeddable":true,"href":"https:\/\/informativoelvalledeaguascalientes.online\/index.php?rest_route=\/wp\/v2\/users\/1"}],"replies":[{"embeddable":true,"href":"https:\/\/informativoelvalledeaguascalientes.online\/index.php?rest_route=%2Fwp%2Fv2%2Fcomments&post=18700"}],"version-history":[{"count":1,"href":"https:\/\/informativoelvalledeaguascalientes.online\/index.php?rest_route=\/wp\/v2\/posts\/18700\/revisions"}],"predecessor-version":[{"id":18702,"href":"https:\/\/informativoelvalledeaguascalientes.online\/index.php?rest_route=\/wp\/v2\/posts\/18700\/revisions\/18702"}],"wp:featuredmedia":[{"embeddable":true,"href":"https:\/\/informativoelvalledeaguascalientes.online\/index.php?rest_route=\/wp\/v2\/media\/18701"}],"wp:attachment":[{"href":"https:\/\/informativoelvalledeaguascalientes.online\/index.php?rest_route=%2Fwp%2Fv2%2Fmedia&parent=18700"}],"wp:term":[{"taxonomy":"category","embeddable":true,"href":"https:\/\/informativoelvalledeaguascalientes.online\/index.php?rest_route=%2Fwp%2Fv2%2Fcategories&post=18700"},{"taxonomy":"post_tag","embeddable":true,"href":"https:\/\/informativoelvalledeaguascalientes.online\/index.php?rest_route=%2Fwp%2Fv2%2Ftags&post=18700"}],"curies":[{"name":"wp","href":"https:\/\/api.w.org\/{rel}","templated":true}]}}