{"id":18419,"date":"2021-04-21T20:38:35","date_gmt":"2021-04-22T02:38:35","guid":{"rendered":"https:\/\/informativoelvalledeaguascalientes.online\/?p=18419"},"modified":"2021-04-21T20:38:35","modified_gmt":"2021-04-22T02:38:35","slug":"se-graduan-7-alumnos-del-programa-de-internacionalizacion-en-el-idioma-frances","status":"publish","type":"post","link":"https:\/\/informativoelvalledeaguascalientes.online\/?p=18419","title":{"rendered":"SE GRAD\u00daAN 7 ALUMNOS DEL PROGRAMA DE INTERNACIONALIZACI\u00d3N EN EL IDIOMA FRANC\u00c9S"},"content":{"rendered":"<p style=\"font-weight: 400;\"><strong>#informativoelvalledeaguascalientes , #novaradioaguascalientes<br \/>\n<\/strong><\/p>\n<p style=\"font-weight: 400;\">\n<ul>\n<li style=\"font-weight: 400;\"><strong>Tres de los siete alumnos que terminan este curso aplicar\u00e1n examen para movilidad acad\u00e9mica en Francia a trav\u00e9s de la beca MEXPROTEC<\/strong><\/li>\n<\/ul>\n<p style=\"font-weight: 400;\">\n<p style=\"font-weight: 400;\">El departamento de idiomas de la Universidad Tecnol\u00f3gica del Norte de Aguascalientes (UTNA) llev\u00f3 a cabo la entrega de constancias de la conclusi\u00f3n de curso de franc\u00e9s para siete estudiantes de la UTNA. Tres realizar\u00e1n la entrevista\/evaluaci\u00f3n que les har\u00e1 obtener la beca MEXPROTEC 2020 y podr\u00e1n realizar un periodo de estudios en Francia.<\/p>\n<p style=\"font-weight: 400;\">\n<p style=\"font-weight: 400;\">En su mensaje durante la ceremonia, la rectora de la UTNA, Mar\u00eda Ang\u00e9lica Mart\u00ednez D\u00edaz, destac\u00f3 la importancia de dominar m\u00e1s de un idioma, ya que esto abre las puertas a mejores oportunidades de empleo y permite fortalecer las habilidades de las y los j\u00f3venes, quienes pueden formarse acad\u00e9micamente en intercambios fuera del pa\u00eds.<\/p>\n<p style=\"font-weight: 400;\">\n<p style=\"font-weight: 400;\">Ser\u00e1n los alumnos Luis Ernesto Alem\u00e1n Mac\u00edas, Juan \u00c1ngel Garc\u00eda L\u00f3pez y la alumna Alondra Saray Rodr\u00edguez L\u00f3pez, quienes aplicar\u00e1n este pr\u00f3ximo 22 de abril el examen o evaluaci\u00f3n oral con personal del comit\u00e9 de MEXPROTEC para su movilidad acad\u00e9mica a Francia.<\/p>\n<p style=\"font-weight: 400;\">\n<p style=\"font-weight: 400;\">Cabe resaltar que Luis Ernesto y Juan \u00c1ngel fueron los alumnos destacados en esta entrega de constancias, por lo que recibieron menci\u00f3n honor\u00edfica gracias a que alcanzaron el nivel B2 del marco com\u00fan europeo.<\/p>\n<p style=\"font-weight: 400;\">\n<p style=\"font-weight: 400;\">Con el impulso a lenguajes como franc\u00e9s y alem\u00e1n, la UTNA refrenda el compromiso que tiene con la formaci\u00f3n de las y los j\u00f3venes estudiantes, sobre todo en brindarles competencias que les sean \u00fatiles para su desarrollo personal y profesional.<\/p>\n<p style=\"font-weight: 400;\">\n","protected":false},"excerpt":{"rendered":"<p>#informativoelvalledeaguascalientes , #novaradioaguascalientes Tres de los siete alumnos que terminan este curso aplicar\u00e1n examen para movilidad acad\u00e9mica en Francia a trav\u00e9s de la beca MEXPROTEC El departamento de idiomas de la Universidad Tecnol\u00f3gica del Norte de Aguascalientes (UTNA) llev\u00f3 a cabo la entrega de constancias de la conclusi\u00f3n de curso de franc\u00e9s para siete estudiantes [&hellip;]<\/p>\n","protected":false},"author":1,"featured_media":18420,"comment_status":"closed","ping_status":"open","sticky":false,"template":"","format":"standard","meta":{"advanced_seo_description":"","jetpack_seo_html_title":"","jetpack_seo_noindex":false,"_jetpack_memberships_contains_paid_content":false,"footnotes":"","jetpack_publicize_message":"","jetpack_publicize_feature_enabled":true,"jetpack_social_post_already_shared":true,"jetpack_social_options":{"image_generator_settings":{"template":"highway","default_image_id":0,"font":"","enabled":false},"version":2}},"categories":[21,4],"tags":[22,48],"class_list":["post-18419","post","type-post","status-publish","format-standard","has-post-thumbnail","hentry","category-aguascalientes","category-gobierno-del-estado-aguascalientes","tag-aguascalientes","tag-utna"],"jetpack_publicize_connections":[],"jetpack_featured_media_url":"https:\/\/i0.wp.com\/informativoelvalledeaguascalientes.online\/wp-content\/uploads\/2021\/04\/IMG_0104.jpg?fit=2480%2C1654&ssl=1","jetpack-related-posts":[],"jetpack_sharing_enabled":true,"jetpack_likes_enabled":true,"_links":{"self":[{"href":"https:\/\/informativoelvalledeaguascalientes.online\/index.php?rest_route=\/wp\/v2\/posts\/18419","targetHints":{"allow":["GET"]}}],"collection":[{"href":"https:\/\/informativoelvalledeaguascalientes.online\/index.php?rest_route=\/wp\/v2\/posts"}],"about":[{"href":"https:\/\/informativoelvalledeaguascalientes.online\/index.php?rest_route=\/wp\/v2\/types\/post"}],"author":[{"embeddable":true,"href":"https:\/\/informativoelvalledeaguascalientes.online\/index.php?rest_route=\/wp\/v2\/users\/1"}],"replies":[{"embeddable":true,"href":"https:\/\/informativoelvalledeaguascalientes.online\/index.php?rest_route=%2Fwp%2Fv2%2Fcomments&post=18419"}],"version-history":[{"count":1,"href":"https:\/\/informativoelvalledeaguascalientes.online\/index.php?rest_route=\/wp\/v2\/posts\/18419\/revisions"}],"predecessor-version":[{"id":18422,"href":"https:\/\/informativoelvalledeaguascalientes.online\/index.php?rest_route=\/wp\/v2\/posts\/18419\/revisions\/18422"}],"wp:featuredmedia":[{"embeddable":true,"href":"https:\/\/informativoelvalledeaguascalientes.online\/index.php?rest_route=\/wp\/v2\/media\/18420"}],"wp:attachment":[{"href":"https:\/\/informativoelvalledeaguascalientes.online\/index.php?rest_route=%2Fwp%2Fv2%2Fmedia&parent=18419"}],"wp:term":[{"taxonomy":"category","embeddable":true,"href":"https:\/\/informativoelvalledeaguascalientes.online\/index.php?rest_route=%2Fwp%2Fv2%2Fcategories&post=18419"},{"taxonomy":"post_tag","embeddable":true,"href":"https:\/\/informativoelvalledeaguascalientes.online\/index.php?rest_route=%2Fwp%2Fv2%2Ftags&post=18419"}],"curies":[{"name":"wp","href":"https:\/\/api.w.org\/{rel}","templated":true}]}}