{"id":18412,"date":"2021-04-20T20:15:49","date_gmt":"2021-04-21T02:15:49","guid":{"rendered":"https:\/\/informativoelvalledeaguascalientes.online\/?p=18412"},"modified":"2021-04-20T20:15:49","modified_gmt":"2021-04-21T02:15:49","slug":"comision-de-asuntos-electorales-se-declara-en-sesion-permanente","status":"publish","type":"post","link":"https:\/\/informativoelvalledeaguascalientes.online\/?p=18412","title":{"rendered":"COMISI\u00d3N DE ASUNTOS ELECTORALES SE DECLARA EN SESI\u00d3N PERMANENTE"},"content":{"rendered":"<p>#informativoelvalledeaguascalientes\u00a0 #novaradioaguascalientes<\/p>\n<p><strong>\u00a0<\/strong><\/p>\n<ul>\n<li><em>En tanto concluya el proceso electoral 2020-2021, as\u00ed lo dio a conocer la diputada Ver\u00f3nica de Luna Prieto, presidenta de este \u00f3rgano legislativo.<\/em><\/li>\n<\/ul>\n<p>&nbsp;<\/p>\n<ul>\n<li><em>Con este mecanismo, se busca establecer una interlocuci\u00f3n con autoridades, partidos pol\u00edticos y sociedad civil, que permita construir acuerdos para contar con una jornada electoral ejemplar.<\/em><\/li>\n<\/ul>\n<p><em>\u00a0<\/em><\/p>\n<p>La Comisi\u00f3n de Asuntos Electorales de la LXIV, en voz de su presidenta, diputada Ver\u00f3nica de Luna Prieto, se declar\u00f3 en sesi\u00f3n permanente durante el proceso de comicios vigente, y de esta manera brindar el seguimiento necesario y contribuir con la vigilancia del desarrollo de las contiendas.<\/p>\n<p>&nbsp;<\/p>\n<p>En este sentido, la legisladora de Luna Prieto afirm\u00f3 que el Congreso del Estado de Aguascalientes, como representaci\u00f3n popular, debe ser garante del cumplimiento del Estado de Derecho, adem\u00e1s de velar e incentivar la participaci\u00f3n ciudadana en nuestro sistema democr\u00e1tico, como la atribuci\u00f3n para convocar a plebiscitos o refer\u00e9ndum.<\/p>\n<p>&nbsp;<\/p>\n<p>Por ello, en el convenio que aprobaron las y los integrantes de la Comisi\u00f3n de Asuntos Electorales, se establecieron los mecanismos de interlocuci\u00f3n con autoridades, partidos pol\u00edticos y ciudadan\u00eda en general, en aras de construir los acuerdos necesarios que nos permita \u201ctener una jornada electoral confiable, participativa, transparente, democr\u00e1tica, equitativa y plural\u201d.<\/p>\n<p>&nbsp;<\/p>\n<p>De igual manera, reiter\u00f3 que uno de los mandatos constitucionales que tiene la Comisi\u00f3n a su cargo, es la de propiciar la legalidad, equidad, transparencia, a trav\u00e9s de reformas al marco constitucional y de leyes secundarias.<\/p>\n<p>&nbsp;<\/p>\n<p>En la sesi\u00f3n, las legisladoras Natzielly Rodr\u00edguez Calzada, Luc\u00eda Armend\u00e1riz Silva, Paloma Am\u00e9zquita Carre\u00f3n y Jorge Saucedo Gayt\u00e1n, en su calidad de secretaria y vocales del \u00f3rgano legislativo, en ese orden, avalaron el acuerdo c\u00edvico de car\u00e1cter pol\u00edtico electoral.<\/p>\n<p>&nbsp;<\/p>\n","protected":false},"excerpt":{"rendered":"<p>#informativoelvalledeaguascalientes\u00a0 #novaradioaguascalientes \u00a0 En tanto concluya el proceso electoral 2020-2021, as\u00ed lo dio a conocer la diputada Ver\u00f3nica de Luna Prieto, presidenta de este \u00f3rgano legislativo. &nbsp; Con este mecanismo, se busca establecer una interlocuci\u00f3n con autoridades, partidos pol\u00edticos y sociedad civil, que permita construir acuerdos para contar con una jornada electoral ejemplar. \u00a0 La [&hellip;]<\/p>\n","protected":false},"author":1,"featured_media":18413,"comment_status":"closed","ping_status":"open","sticky":false,"template":"","format":"standard","meta":{"advanced_seo_description":"","jetpack_seo_html_title":"","jetpack_seo_noindex":false,"_jetpack_memberships_contains_paid_content":false,"footnotes":"","jetpack_publicize_message":"","jetpack_publicize_feature_enabled":true,"jetpack_social_post_already_shared":true,"jetpack_social_options":{"image_generator_settings":{"template":"highway","default_image_id":0,"font":"","enabled":false},"version":2}},"categories":[21,5],"tags":[22,44],"class_list":["post-18412","post","type-post","status-publish","format-standard","has-post-thumbnail","hentry","category-aguascalientes","category-h-congreso-del-estado-aguascalientes","tag-aguascalientes","tag-lxiv-legislatura-aguascalientes"],"jetpack_publicize_connections":[],"jetpack_featured_media_url":"https:\/\/i0.wp.com\/informativoelvalledeaguascalientes.online\/wp-content\/uploads\/2021\/04\/hce_ags_20042021.jpg?fit=1280%2C751&ssl=1","jetpack-related-posts":[],"jetpack_sharing_enabled":true,"jetpack_likes_enabled":true,"_links":{"self":[{"href":"https:\/\/informativoelvalledeaguascalientes.online\/index.php?rest_route=\/wp\/v2\/posts\/18412","targetHints":{"allow":["GET"]}}],"collection":[{"href":"https:\/\/informativoelvalledeaguascalientes.online\/index.php?rest_route=\/wp\/v2\/posts"}],"about":[{"href":"https:\/\/informativoelvalledeaguascalientes.online\/index.php?rest_route=\/wp\/v2\/types\/post"}],"author":[{"embeddable":true,"href":"https:\/\/informativoelvalledeaguascalientes.online\/index.php?rest_route=\/wp\/v2\/users\/1"}],"replies":[{"embeddable":true,"href":"https:\/\/informativoelvalledeaguascalientes.online\/index.php?rest_route=%2Fwp%2Fv2%2Fcomments&post=18412"}],"version-history":[{"count":1,"href":"https:\/\/informativoelvalledeaguascalientes.online\/index.php?rest_route=\/wp\/v2\/posts\/18412\/revisions"}],"predecessor-version":[{"id":18414,"href":"https:\/\/informativoelvalledeaguascalientes.online\/index.php?rest_route=\/wp\/v2\/posts\/18412\/revisions\/18414"}],"wp:featuredmedia":[{"embeddable":true,"href":"https:\/\/informativoelvalledeaguascalientes.online\/index.php?rest_route=\/wp\/v2\/media\/18413"}],"wp:attachment":[{"href":"https:\/\/informativoelvalledeaguascalientes.online\/index.php?rest_route=%2Fwp%2Fv2%2Fmedia&parent=18412"}],"wp:term":[{"taxonomy":"category","embeddable":true,"href":"https:\/\/informativoelvalledeaguascalientes.online\/index.php?rest_route=%2Fwp%2Fv2%2Fcategories&post=18412"},{"taxonomy":"post_tag","embeddable":true,"href":"https:\/\/informativoelvalledeaguascalientes.online\/index.php?rest_route=%2Fwp%2Fv2%2Ftags&post=18412"}],"curies":[{"name":"wp","href":"https:\/\/api.w.org\/{rel}","templated":true}]}}