{"id":18140,"date":"2021-04-13T17:49:14","date_gmt":"2021-04-13T23:49:14","guid":{"rendered":"https:\/\/informativoelvalledeaguascalientes.online\/?p=18140"},"modified":"2021-04-13T17:49:14","modified_gmt":"2021-04-13T23:49:14","slug":"impulsa-martha-marquez-exencion-de-impuestos-a-personal-medico","status":"publish","type":"post","link":"https:\/\/informativoelvalledeaguascalientes.online\/?p=18140","title":{"rendered":"IMPULSA MARTHA M\u00c1RQUEZ EXENCI\u00d3N DE IMPUESTOS A PERSONAL M\u00c9DICO"},"content":{"rendered":"<p><strong>#informativoelvalledeaguascalientes , #novaradioaguascalientes<\/strong><\/p>\n<p dir=\"ltr\">Martha M\u00e1rquez present\u00f3 una iniciativa de reforma a la Ley del Impuesto Sobre la Renta, \u201ces momento de seguir apoyando a nuestro personal del sector salud con la condonaci\u00f3n del Impuesto Sobre la Renta, velando por el bienestar de quienes contin\u00faan trabajando incansablemente en primera l\u00ednea de acci\u00f3n, en una situaci\u00f3n cr\u00edtica derivada de la saturaci\u00f3n de hospitales, jornadas laborales extenuantes y alto riesgo de contagio\u201d puntualiz\u00f3.<\/p>\n<p>&nbsp;<\/p>\n<p dir=\"ltr\">Con esta iniciativa, Martha M\u00e1rquez tambi\u00e9n busca apoyar con est\u00edmulos fiscales a quienes empleen a personas con alguna discapacidad motriz, aporten inversi\u00f3n en la producci\u00f3n cinematogr\u00e1fica nacional, inviertan en educaci\u00f3n, publicaciones de obras literarias, proyectos de investigaci\u00f3n y desarrollo tecnol\u00f3gico con el objetivo de incentivar la econom\u00eda del estado de Aguascalientes.<\/p>\n<p>&nbsp;<\/p>\n<p dir=\"ltr\">A m\u00e1s de un a\u00f1o de la pausa mundial por la pandemia derivada de COVID-19, la econom\u00eda de nuestro pa\u00eds ha sufrido estragos que representan retrocesos significativos en diversos \u00e1mbitos, especialmente en materia de salud, donde el personal m\u00e9dico ha hecho frente a una de las crisis m\u00e1s severas de la historia de M\u00e9xico en los \u00faltimos 100 a\u00f1os.<\/p>\n<p>&nbsp;<\/p>\n<p dir=\"ltr\">De acuerdo con la Comisi\u00f3n Econ\u00f3mica para Am\u00e9rica latina y el Caribe (CEPAL), M\u00e9xico es uno de los pa\u00edses en el mundo que destina menos recursos p\u00fablicos para afrontar la crisis econ\u00f3mica causada por el coronavirus, lo que representa menos del 1% del Producto Interno Bruto (PIB). Adem\u00e1s, seg\u00fan cifras oficiales, el PIB tuvo una ca\u00edda del 8.5%, lo que representa el mayor descenso en la econom\u00eda de nuestro pa\u00eds del cual se tenga registro desde la Gran Depresi\u00f3n de 1929.<\/p>\n<p dir=\"ltr\">Finalmente, Martha M\u00e1rquez refiri\u00f3 que 1 de cada 10 contagios de COVID-19 en M\u00e9xico se da entre personal de salud, por lo que resulta fundamental otorgarles mayores est\u00edmulos y brindarles seguridad en beneficio de ellos y sus familias.<\/p>\n<div class=\"yj6qo\"><\/div>\n<div class=\"adL\"><\/div>\n","protected":false},"excerpt":{"rendered":"<p>#informativoelvalledeaguascalientes , #novaradioaguascalientes Martha M\u00e1rquez present\u00f3 una iniciativa de reforma a la Ley del Impuesto Sobre la Renta, \u201ces momento de seguir apoyando a nuestro personal del sector salud con la condonaci\u00f3n del Impuesto Sobre la Renta, velando por el bienestar de quienes contin\u00faan trabajando incansablemente en primera l\u00ednea de acci\u00f3n, en una situaci\u00f3n cr\u00edtica [&hellip;]<\/p>\n","protected":false},"author":1,"featured_media":18141,"comment_status":"closed","ping_status":"open","sticky":false,"template":"","format":"standard","meta":{"advanced_seo_description":"","jetpack_seo_html_title":"","jetpack_seo_noindex":false,"_jetpack_memberships_contains_paid_content":false,"footnotes":"","jetpack_publicize_message":"","jetpack_publicize_feature_enabled":true,"jetpack_social_post_already_shared":true,"jetpack_social_options":{"image_generator_settings":{"template":"highway","default_image_id":0,"font":"","enabled":false},"version":2}},"categories":[21],"tags":[22,41,23],"class_list":["post-18140","post","type-post","status-publish","format-standard","has-post-thumbnail","hentry","category-aguascalientes","tag-aguascalientes","tag-martha-marquez","tag-pan-aguascalientes"],"jetpack_publicize_connections":[],"jetpack_featured_media_url":"https:\/\/i0.wp.com\/informativoelvalledeaguascalientes.online\/wp-content\/uploads\/2021\/04\/Martha-Marquez-ISR-Sector-Salud_2-scaled.jpg?fit=2560%2C1707&ssl=1","jetpack-related-posts":[],"jetpack_sharing_enabled":true,"jetpack_likes_enabled":true,"_links":{"self":[{"href":"https:\/\/informativoelvalledeaguascalientes.online\/index.php?rest_route=\/wp\/v2\/posts\/18140","targetHints":{"allow":["GET"]}}],"collection":[{"href":"https:\/\/informativoelvalledeaguascalientes.online\/index.php?rest_route=\/wp\/v2\/posts"}],"about":[{"href":"https:\/\/informativoelvalledeaguascalientes.online\/index.php?rest_route=\/wp\/v2\/types\/post"}],"author":[{"embeddable":true,"href":"https:\/\/informativoelvalledeaguascalientes.online\/index.php?rest_route=\/wp\/v2\/users\/1"}],"replies":[{"embeddable":true,"href":"https:\/\/informativoelvalledeaguascalientes.online\/index.php?rest_route=%2Fwp%2Fv2%2Fcomments&post=18140"}],"version-history":[{"count":1,"href":"https:\/\/informativoelvalledeaguascalientes.online\/index.php?rest_route=\/wp\/v2\/posts\/18140\/revisions"}],"predecessor-version":[{"id":18142,"href":"https:\/\/informativoelvalledeaguascalientes.online\/index.php?rest_route=\/wp\/v2\/posts\/18140\/revisions\/18142"}],"wp:featuredmedia":[{"embeddable":true,"href":"https:\/\/informativoelvalledeaguascalientes.online\/index.php?rest_route=\/wp\/v2\/media\/18141"}],"wp:attachment":[{"href":"https:\/\/informativoelvalledeaguascalientes.online\/index.php?rest_route=%2Fwp%2Fv2%2Fmedia&parent=18140"}],"wp:term":[{"taxonomy":"category","embeddable":true,"href":"https:\/\/informativoelvalledeaguascalientes.online\/index.php?rest_route=%2Fwp%2Fv2%2Fcategories&post=18140"},{"taxonomy":"post_tag","embeddable":true,"href":"https:\/\/informativoelvalledeaguascalientes.online\/index.php?rest_route=%2Fwp%2Fv2%2Ftags&post=18140"}],"curies":[{"name":"wp","href":"https:\/\/api.w.org\/{rel}","templated":true}]}}