{"id":18008,"date":"2021-04-08T21:23:17","date_gmt":"2021-04-09T03:23:17","guid":{"rendered":"https:\/\/informativoelvalledeaguascalientes.online\/?p=18008"},"modified":"2021-04-08T21:23:17","modified_gmt":"2021-04-09T03:23:17","slug":"protegen-a-ninez-y-adolescencia-de-violencia-digital-hce-aguascalientes","status":"publish","type":"post","link":"https:\/\/informativoelvalledeaguascalientes.online\/?p=18008","title":{"rendered":"PROTEGEN A NI\u00d1EZ Y ADOLESCENCIA DE VIOLENCIA DIGITAL: HCE AGUASCALIENTES"},"content":{"rendered":"<p><strong> #informativoelvalledeaguascalientes\u00a0 #novaradioaguascalientes<\/strong><\/p>\n<ul>\n<li><em>Tambi\u00e9n avalaron reformas penales para castigar de manera severa y aplicar agravantes a quienes agredan o atenten contra la integridad del personal de salud.<\/em><\/li>\n<\/ul>\n<p><strong>\u00a0<\/strong><\/p>\n<ul>\n<li><em>Modificaron el marco legal para garantizar la defensor\u00eda y asesor\u00eda p\u00fablica a en materia de responsabilidades administrativas.<\/em><\/li>\n<\/ul>\n<p><strong>\u00a0<\/strong><\/p>\n<ul>\n<li><em>Exhortan al Instituto Aguascalentense de la Juventud para que instale su Consejo Estatal.<\/em><\/li>\n<\/ul>\n<p>&nbsp;<\/p>\n<p>Con el firme prop\u00f3sito de establecer mecanismos de protecci\u00f3n a menores de edad ante actos de agresi\u00f3n, intimidaci\u00f3n o extorsi\u00f3n en plataformas digitales, el Pleno de la LXIV Legislatura aprob\u00f3 el dictamen de la\u00a0Comisi\u00f3n de la Familia y Derechos de la Ni\u00f1ez\u00a0que resuelve la iniciativa que reforma la Ley de los Derechos de las Ni\u00f1as, Ni\u00f1os y Adolescentes del Estado de Aguascalientes, que present\u00f3 la diputada del PAN, M\u00f3nica Jim\u00e9nez Rodr\u00edguez.<\/p>\n<p>El objeto de la iniciativa consiste en garantizar que las ni\u00f1as, ni\u00f1os y adolescentes no sufran de violencia en el \u00e1mbito digital. La modificaci\u00f3n establece tambi\u00e9n que tanto las autoridades como quienes ejercen la patria potestad, tutela, guardia o custodia deber\u00e1n tomar acciones para detectar y atender de forma integral aquellos casos en que se utilicen las tecnolog\u00edas de la informaci\u00f3n y comunicaci\u00f3n para agredir o vulnerar la dignidad, intimidad, libertad y vida privada de ni\u00f1as, ni\u00f1os y adolescentes.<\/p>\n<p>Por lo con esta reforma se considera que violaci\u00f3n a la intimidad de ni\u00f1as, ni\u00f1os ya adolescentes es cualquier manejo directo de su imagen en medios de comunicaci\u00f3n locales incluidas las redes sociales y en general en medios digitales.<\/p>\n<p>Por su parte, la\u00a0diputada del PAN M\u00f3nica Jim\u00e9nez Rodr\u00edguez\u00a0exhort\u00f3 a sus compa\u00f1eros a votar a favor del dictamen ya que busca proteger a los menores en el aspecto digital, destac\u00f3 que por la pandemia del coronavirus no solo aument\u00f3 el uso de internet de ni\u00f1as, ni\u00f1os y adolescentes, sino tambi\u00e9n se increment\u00f3 el riesgo de padecer violencia digital, \u201cen M\u00e9xico, 12 millones de ni\u00f1os, ni\u00f1as y adolescentes usan diferentes aplicaciones para realizar sus actividades, sin embargo durante su conexi\u00f3n tambi\u00e9n quedan en una situaci\u00f3n de vulnerabilidad y son v\u00edctimas de delitos cibern\u00e9ticos\u201d.<\/p>\n<p>A su vez, el\u00a0legisladora A\u00edda Karina Banda Iglesias\u00a0expres\u00f3 la violencia digital es un tema que ha sido poco explorado y legislado, sin embargo, record\u00f3 que el Congreso del Estado ha puesto su parte y record\u00f3 que en noviembre 2019 el pleno legislativo aprob\u00f3 una reforma en torno a la violencia digital y con esta reforma que se est\u00e1 votando hoy, se da un paso m\u00e1s en esta materia. Dej\u00f3 en claro que es un compromiso de esta legislatura velar por las ni\u00f1as, ni\u00f1os y adolescentes, por lo que pidi\u00f3\u00a0a sus compa\u00f1eros votarla a favor.<\/p>\n<p>Una vez aprobado el dictamen en lo general,\u00a0la congresista A\u00edda Karina Banda Iglesias\u00a0propuso una reserva en lo particular para agregar al dictamen la palabra \u201cdesarrollo psicosexual\u201d con el fin de ampliar el espectro de competencia de los menores; la misma se aprob\u00f3 por mayor\u00eda.<\/p>\n<p>Siguiendo el orden del d\u00eda, los legisladores aprobaron el dictamen acumulado de la\u00a0Comisi\u00f3n de Justicia\u00a0que resuelve iniciativas que reforman el C\u00f3digo Penal del Estado de Aguascalientes.<\/p>\n<p>La primera iniciativa consiste en que quede m\u00e1s definido el delito de discriminaci\u00f3n y que su tipificaci\u00f3n sea real. La segunda, tercera y cuarta modificaci\u00f3n tienen por objeto incorporar al C\u00f3digo Penal las determinaciones necesarias para castigar a quienes agredan o causen menoscabo al personal de la salud en situaciones de continencia. La quinta iniciativa tiene como finalidad adicionar como agravantes del homicidio y las lesiones el que se cometa por motivos de odio racial o por motivos de odio a la diversidad sexual.<\/p>\n<p>La sexta iniciativa consiste en que el homicidio doloso y las lesiones dolosas sean calificadas cuando la v\u00edctima se dedique al ejercicio de las labores de salud o sean realizadas en instituciones de salud y el resultado se provoque con motivo del ejercicio de su profesi\u00f3n. Tambi\u00e9n tiene como objeto adicionar como calificativo del homicidio y las lesiones, cuando exista discriminaci\u00f3n por parte del sujeto activo en contra de la v\u00edctima.<\/p>\n<p>La reforma establece que homicidio y las lesiones dolosas, ser\u00e1n considerados como delitos calificados cuando se cometa con discriminaci\u00f3n o raz\u00f3n de alguna caracter\u00edstica espec\u00edfica de la persona como la condici\u00f3n social o econ\u00f3mica, vinculaci\u00f3n, pertenencia o relaci\u00f3n con un grupo social definido, origen \u00e9tnico o social; la nacionalidad o lugar de origen; el color de la piel o cualquier otra caracter\u00edstica gen\u00e9tica; lengua; sexo o g\u00e9nero; religi\u00f3n; edad; opiniones; discapacidad; condiciones de salud; apariencia; orientaci\u00f3n sexual; estado civil o la ocupaci\u00f3n o actividad laboral.<\/p>\n<p>Al respecto, la\u00a0diputada A\u00edda Karina Banda Iglesias\u00a0se manifest\u00f3 a favor de la reforma al considerar que el hacerlo para las faltas administrativas se dar\u00e1 certeza jur\u00eddica en el proceso, adem\u00e1s invit\u00f3 a sus compa\u00f1eros a analizar las iniciativas que ha presentado sobre la autonom\u00eda de la Fiscal\u00eda General del Estado, as\u00ed como del Sistema de Evaluaci\u00f3n del Sistema Acusatorio y Adversarial y de convertir a las Ciencias Forenses en un instituto, \u201cya que si se quieren que se vayan los culpables y est\u00e9n en una sanci\u00f3n, se debe dar autonom\u00eda a estas instituciones\u201d.<\/p>\n<p>En otro punto del orden del d\u00eda, se aprob\u00f3 el dictamen acumulado de\u00a0la Comisi\u00f3n de Justicia\u00a0que resuelve iniciativas que reforma la Ley del Instituto de Defensor\u00eda y Asesor\u00eda P\u00fablica del Estado de Aguascalientes<\/p>\n<p>La primera reforma tiene como objeto garantizar el derecho de la defensa jur\u00eddica a favor de los presuntos responsables en procedimientos de responsabilidades por faltas administrativas graves o no graves en los \u00e1mbitos estatal o municipal, lo anterior, a trav\u00e9s del Instituto del Asesor\u00eda y Defensor\u00eda P\u00fablica del Estado de Aguascalientes.<\/p>\n<p>La segunda modificaci\u00f3n consiste en incluir la figura del defensor p\u00fablico de oficio especializado en materia de responsabilidades administrativa.<\/p>\n<p>En este sentido, la\u00a0diputada A\u00edda Karina Banda Iglesias\u00a0expres\u00f3 que la discriminaci\u00f3n es un fen\u00f3meno que se ha presentado siempre, sin embargo aclar\u00f3 que con la pandemia y el uso de las redes sociales la discriminaci\u00f3n se ve ya en todo los \u00e1mbitos; destac\u00f3 que la importancia de la reforma radica en que las conductas prohibidas y constitutivas del delito y las sanciones aplicables a dichas conductas deben estar descritas con la mayor exactitud posible, \u201cse exige precisi\u00f3n a la hora de formular los supuestos de hechos penales de las normas penales que se\u00a0\u00a0van a aplicar\u201d.<\/p>\n<p>A su vez, el\u00a0congresista del PAN, Alejandro Gonz\u00e1lez D\u00e1vila\u00a0se\u00f1al\u00f3 que esta reforma vendr\u00e1 a solucionar una laguna que la legislaci\u00f3n hab\u00eda creado, mencion\u00f3 que con la modificaci\u00f3n se dotar\u00eda de facultades al Instituto de Asesor\u00eda y Defensor\u00eda para que puede presentar el servicio de defensa en procedimientos de responsabilidad administrativa y con ello garantizar\u00eda una herramienta en estos procesos.<\/p>\n<p>Por su parte, la\u00a0diputada, Liliana Noriega\u00a0present\u00f3 una reserva en lo particular para especificar que el transitorio indique cu\u00e1ndo inicia su vigencia al d\u00eda siguiente de su publicaci\u00f3n en el Peri\u00f3dico Oficial del Estado, esto para que el Poder Ejecutivo Estatal pueda conforme a la disponibilidad financiera, considerarlo en el siguiente Presupuesto de Egresos.<\/p>\n<p>Al hacer uso de la voz, el\u00a0diputado del PAN, Gustavo B\u00e1ez Leos\u00a0coincidi\u00f3 con su antecesora ya que el dejarlo de esta forma entrar\u00eda en vigor el siguiente a\u00f1o que es el 2022 y se quedar\u00edan sin presupuesto y por tanto se quedar\u00eda un a\u00f1o sin ejercer esta funci\u00f3n.<\/p>\n<p>En seguida, fue avalado por mayor\u00eda el Punto de Acuerdo que plante\u00f3 la legisladora Liliana Noriega Su\u00e1rez, en su calidad de integrante del Grupo Parlamentario Mixto del PAN-PRD, a trav\u00e9s del cual la LXIV Legislatura exhorta al Instituto Aguascalentense de la Juventud a emprender la instalaci\u00f3n del Consejo Estatal de la Juventud y que a su vez tome protesta de ley a sus integrantes para que inicien funciones de conformidad con la normatividad correspondientes que regula sus labores y obliga a su cumplimiento.<\/p>\n<p>&nbsp;<\/p>\n<p>Al respecto, la diputada Liliana Noriega refiri\u00f3 que el sector juvenil representa casi un tercio de la poblaci\u00f3n de la entidad, por ello la importancia de promover su participaci\u00f3n en los asuntos p\u00fablicos.<\/p>\n<p>&nbsp;<\/p>\n<p>De igual manera, la legisladora Karina Banda coincidi\u00f3 en la necesidad de fomentar los espacios de participaci\u00f3n de este grupo social, tras se\u00f1alar que la LXIV Legislatura impulse iniciativas para promover su Desarrollo.<\/p>\n<p>&nbsp;<\/p>\n<p>Por otro lado, fue rechazado por la mayor\u00eda del Pleno, con 13 votos en contra, 9 a favor y 2 abstenciones, el Punto de Acuerdo que propusieron los diputados Karina Banda Iglesias y Sergio Augusto, en representaci\u00f3n del Grupo Parlamentario Mixto del PES-PVEM-PNA, con el que se pretend\u00eda solicitarle a la Secretar\u00eda de Hacienda y Cr\u00e9dito p\u00fablico, para que a trav\u00e9s del Servicio de Administraci\u00f3n Tributaria (SAT), emprenda mejoras en su portal de internet, de manera especifica, en sus mecanismos de tr\u00e1mites y hacerlos eficientes, adem\u00e1s de aplicar las actualizaciones necesarias en su sitito web oficial.<\/p>\n<p>&nbsp;<\/p>\n<p>Momentos antes de la votaci\u00f3n, la diputada Elsa Land\u00edn Olivares, calific\u00f3 de oportuno este Punto de Acuerdo, pues \u201ces ya una constante, que los tr\u00e1mites de esta dependencia federal se han vuelto muy complicados, tan s\u00f3lo para solicitar una cita\u201d. Critic\u00f3 que la ineficiencia del Gobierno Federal detiene la actividad econ\u00f3mica, \u201cy que si no pueden hacer el trabajo, pues que cambien a sus Delegados o que aprendan ya a hacer su trabajo, porque ya casi cumplen tres a\u00f1os en esta administraci\u00f3n federal\u201d.<\/p>\n<p>&nbsp;<\/p>\n<p>Por su parte, la promotora del Punto de Acuerdo, Banda Iglesias, afirm\u00f3 que este exhorto es trascendente porque existen \u201cmuchas fallas en el portal del SAT, y es urgente destrabar estos procedimientos, porque si algo fortalece la econom\u00eda, es aumentar el n\u00famero de contribuyentes\u201d. Refiri\u00f3 que atiende 35 gestiones por este motivo.<\/p>\n","protected":false},"excerpt":{"rendered":"<p>#informativoelvalledeaguascalientes\u00a0 #novaradioaguascalientes Tambi\u00e9n avalaron reformas penales para castigar de manera severa y aplicar agravantes a quienes agredan o atenten contra la integridad del personal de salud. \u00a0 Modificaron el marco legal para garantizar la defensor\u00eda y asesor\u00eda p\u00fablica a en materia de responsabilidades administrativas. \u00a0 Exhortan al Instituto Aguascalentense de la Juventud para que instale [&hellip;]<\/p>\n","protected":false},"author":1,"featured_media":18009,"comment_status":"closed","ping_status":"open","sticky":false,"template":"","format":"standard","meta":{"advanced_seo_description":"","jetpack_seo_html_title":"","jetpack_seo_noindex":false,"_jetpack_memberships_contains_paid_content":false,"footnotes":"","jetpack_publicize_message":"","jetpack_publicize_feature_enabled":true,"jetpack_social_post_already_shared":true,"jetpack_social_options":{"image_generator_settings":{"template":"highway","default_image_id":0,"font":"","enabled":false},"version":2}},"categories":[21,5],"tags":[22,44],"class_list":["post-18008","post","type-post","status-publish","format-standard","has-post-thumbnail","hentry","category-aguascalientes","category-h-congreso-del-estado-aguascalientes","tag-aguascalientes","tag-lxiv-legislatura-aguascalientes"],"jetpack_publicize_connections":[],"jetpack_featured_media_url":"https:\/\/i0.wp.com\/informativoelvalledeaguascalientes.online\/wp-content\/uploads\/2021\/04\/hce_ags_08042021.jpg?fit=937%2C625&ssl=1","jetpack-related-posts":[],"jetpack_sharing_enabled":true,"jetpack_likes_enabled":true,"_links":{"self":[{"href":"https:\/\/informativoelvalledeaguascalientes.online\/index.php?rest_route=\/wp\/v2\/posts\/18008","targetHints":{"allow":["GET"]}}],"collection":[{"href":"https:\/\/informativoelvalledeaguascalientes.online\/index.php?rest_route=\/wp\/v2\/posts"}],"about":[{"href":"https:\/\/informativoelvalledeaguascalientes.online\/index.php?rest_route=\/wp\/v2\/types\/post"}],"author":[{"embeddable":true,"href":"https:\/\/informativoelvalledeaguascalientes.online\/index.php?rest_route=\/wp\/v2\/users\/1"}],"replies":[{"embeddable":true,"href":"https:\/\/informativoelvalledeaguascalientes.online\/index.php?rest_route=%2Fwp%2Fv2%2Fcomments&post=18008"}],"version-history":[{"count":1,"href":"https:\/\/informativoelvalledeaguascalientes.online\/index.php?rest_route=\/wp\/v2\/posts\/18008\/revisions"}],"predecessor-version":[{"id":18010,"href":"https:\/\/informativoelvalledeaguascalientes.online\/index.php?rest_route=\/wp\/v2\/posts\/18008\/revisions\/18010"}],"wp:featuredmedia":[{"embeddable":true,"href":"https:\/\/informativoelvalledeaguascalientes.online\/index.php?rest_route=\/wp\/v2\/media\/18009"}],"wp:attachment":[{"href":"https:\/\/informativoelvalledeaguascalientes.online\/index.php?rest_route=%2Fwp%2Fv2%2Fmedia&parent=18008"}],"wp:term":[{"taxonomy":"category","embeddable":true,"href":"https:\/\/informativoelvalledeaguascalientes.online\/index.php?rest_route=%2Fwp%2Fv2%2Fcategories&post=18008"},{"taxonomy":"post_tag","embeddable":true,"href":"https:\/\/informativoelvalledeaguascalientes.online\/index.php?rest_route=%2Fwp%2Fv2%2Ftags&post=18008"}],"curies":[{"name":"wp","href":"https:\/\/api.w.org\/{rel}","templated":true}]}}