{"id":17997,"date":"2021-04-08T14:48:22","date_gmt":"2021-04-08T20:48:22","guid":{"rendered":"https:\/\/informativoelvalledeaguascalientes.online\/?p=17997"},"modified":"2021-04-08T14:48:22","modified_gmt":"2021-04-08T20:48:22","slug":"supervisa-gobernador-brigadas-de-vacunacion-contra-covid-19-en-asilos-de-aguascalientes","status":"publish","type":"post","link":"https:\/\/informativoelvalledeaguascalientes.online\/?p=17997","title":{"rendered":"SUPERVISA GOBERNADOR BRIGADAS DE VACUNACI\u00d3N CONTRA COVID-19 EN ASILOS DE AGUASCALIENTES\u00a0"},"content":{"rendered":"<p dir=\"ltr\"><strong>#informativoelvalledeaguascalientes , #novaradioaguascalientes<\/strong><\/p>\n<p dir=\"ltr\">Dando continuidad a la estrategia nacional de vacunaci\u00f3n, el gobernador Mart\u00edn Orozco Sandoval, supervis\u00f3 las brigadas de vacunaci\u00f3n anti Covid-19 que hoy comenzaron en siete asilos en la ciudad de Aguascalientes, en los que se contabiliz\u00f3 una poblaci\u00f3n de m\u00e1s de 150 adultos mayores de 60 a\u00f1os.<\/p>\n<p dir=\"ltr\">Durante su visita a la estancia Rayito de Luz, en donde tambi\u00e9n estuvo presente el delegado de la secretar\u00eda del Bienestar, Aldo Ru\u00edz;\u00a0 el mandatario estatal reconoci\u00f3 la labor de todos los brigadistas del sector salud, quienes en el arranque de la ruta de vacunaci\u00f3n en asilos y estancias aplicaron las primeras dosis del biol\u00f3gico de la farmac\u00e9utica Sinovac.<\/p>\n<p dir=\"ltr\">Por otro lado, Instituto de Servicios de Salud del Estado de Aguascalientes (ISSEA), inform\u00f3 que en la ruta de vacunaci\u00f3n en estancias de adultos mayores participan enfermeros para la aplicaci\u00f3n del biol\u00f3gico, m\u00e9dicos, param\u00e9dicos, personal de la delegaci\u00f3n estatal de la Secretar\u00eda de Bienestar y de la Secretar\u00eda de la Defensa Nacional (SEDENA).<\/p>\n<p dir=\"ltr\">Acatando todas las medidas establecidas en el protocolo sanitario se comenz\u00f3 a vacunar a los adultos mayores de 60 a\u00f1os que viven en la Estancia de Vida de Nuestra Se\u00f1ora de Guadalupe, Asilo de Nuestra Se\u00f1ora de Guadalupe, Hogar para Abuelitas y Abuelitos Trinitarios A.C., Residencia Los \u00c1ngeles, Rayito de Luz, Asilo Jos\u00e9 Guadalupe Alcal\u00e1 y Residencias Los \u00c1ngeles-Bosques.<\/p>\n","protected":false},"excerpt":{"rendered":"<p>#informativoelvalledeaguascalientes , #novaradioaguascalientes Dando continuidad a la estrategia nacional de vacunaci\u00f3n, el gobernador Mart\u00edn Orozco Sandoval, supervis\u00f3 las brigadas de vacunaci\u00f3n anti Covid-19 que hoy comenzaron en siete asilos en la ciudad de Aguascalientes, en los que se contabiliz\u00f3 una poblaci\u00f3n de m\u00e1s de 150 adultos mayores de 60 a\u00f1os. Durante su visita a la [&hellip;]<\/p>\n","protected":false},"author":1,"featured_media":17998,"comment_status":"closed","ping_status":"open","sticky":false,"template":"","format":"standard","meta":{"advanced_seo_description":"","jetpack_seo_html_title":"","jetpack_seo_noindex":false,"_jetpack_memberships_contains_paid_content":false,"footnotes":"","jetpack_publicize_message":"","jetpack_publicize_feature_enabled":true,"jetpack_social_post_already_shared":true,"jetpack_social_options":{"image_generator_settings":{"template":"highway","default_image_id":0,"font":"","enabled":false},"version":2}},"categories":[21,4],"tags":[22,30,31,247],"class_list":["post-17997","post","type-post","status-publish","format-standard","has-post-thumbnail","hentry","category-aguascalientes","category-gobierno-del-estado-aguascalientes","tag-aguascalientes","tag-issea","tag-mos","tag-sedena"],"jetpack_publicize_connections":[],"jetpack_featured_media_url":"https:\/\/i0.wp.com\/informativoelvalledeaguascalientes.online\/wp-content\/uploads\/2021\/04\/WhatsApp-Image-2021-04-08-at-13.44.08.jpeg?fit=1280%2C1046&ssl=1","jetpack-related-posts":[],"jetpack_sharing_enabled":true,"jetpack_likes_enabled":true,"_links":{"self":[{"href":"https:\/\/informativoelvalledeaguascalientes.online\/index.php?rest_route=\/wp\/v2\/posts\/17997","targetHints":{"allow":["GET"]}}],"collection":[{"href":"https:\/\/informativoelvalledeaguascalientes.online\/index.php?rest_route=\/wp\/v2\/posts"}],"about":[{"href":"https:\/\/informativoelvalledeaguascalientes.online\/index.php?rest_route=\/wp\/v2\/types\/post"}],"author":[{"embeddable":true,"href":"https:\/\/informativoelvalledeaguascalientes.online\/index.php?rest_route=\/wp\/v2\/users\/1"}],"replies":[{"embeddable":true,"href":"https:\/\/informativoelvalledeaguascalientes.online\/index.php?rest_route=%2Fwp%2Fv2%2Fcomments&post=17997"}],"version-history":[{"count":1,"href":"https:\/\/informativoelvalledeaguascalientes.online\/index.php?rest_route=\/wp\/v2\/posts\/17997\/revisions"}],"predecessor-version":[{"id":17999,"href":"https:\/\/informativoelvalledeaguascalientes.online\/index.php?rest_route=\/wp\/v2\/posts\/17997\/revisions\/17999"}],"wp:featuredmedia":[{"embeddable":true,"href":"https:\/\/informativoelvalledeaguascalientes.online\/index.php?rest_route=\/wp\/v2\/media\/17998"}],"wp:attachment":[{"href":"https:\/\/informativoelvalledeaguascalientes.online\/index.php?rest_route=%2Fwp%2Fv2%2Fmedia&parent=17997"}],"wp:term":[{"taxonomy":"category","embeddable":true,"href":"https:\/\/informativoelvalledeaguascalientes.online\/index.php?rest_route=%2Fwp%2Fv2%2Fcategories&post=17997"},{"taxonomy":"post_tag","embeddable":true,"href":"https:\/\/informativoelvalledeaguascalientes.online\/index.php?rest_route=%2Fwp%2Fv2%2Ftags&post=17997"}],"curies":[{"name":"wp","href":"https:\/\/api.w.org\/{rel}","templated":true}]}}