{"id":17985,"date":"2021-04-08T12:20:44","date_gmt":"2021-04-08T18:20:44","guid":{"rendered":"https:\/\/informativoelvalledeaguascalientes.online\/?p=17985"},"modified":"2021-04-08T12:20:44","modified_gmt":"2021-04-08T18:20:44","slug":"reporte-tecnico-sobre-covid-19-en-aguascalientes-19","status":"publish","type":"post","link":"https:\/\/informativoelvalledeaguascalientes.online\/?p=17985","title":{"rendered":"REPORTE T\u00c9CNICO SOBRE COVID-19 EN AGUASCALIENTES"},"content":{"rendered":"<p dir=\"ltr\">#informativoelvalledeaguascalientes\u00a0 #novaradioaguascalientes<\/p>\n<p dir=\"ltr\">Con 38 nuevos contagios en las \u00faltimas horas, el n\u00famero de casos de COVID-19 en Aguascalientes llega a 20 mil 726. Adem\u00e1s, 17 mil 932 personas se han recuperado y 74 mil 39 m\u00e1s han sido estudiadas por el Laboratorio Estatal de Salud P\u00fablica.<\/p>\n<p dir=\"ltr\">En el reporte diario que emite el ISSEA sobre la enfermedad, se observa que el municipio capital es en donde se registran m\u00e1s casos de infecci\u00f3n, por el contrario, Cos\u00edo es la demarcaci\u00f3n con menos presencia del virus.<\/p>\n<p dir=\"ltr\">Desafortunadamente se dieron a conocer los fallecimientos de 7 personas m\u00e1s a causa de complicaciones por Coronavirus, alcanzando la cifra de 2 mil 478 decesos.<\/p>\n","protected":false},"excerpt":{"rendered":"<p>#informativoelvalledeaguascalientes\u00a0 #novaradioaguascalientes Con 38 nuevos contagios en las \u00faltimas horas, el n\u00famero de casos de COVID-19 en Aguascalientes llega a 20 mil 726. Adem\u00e1s, 17 mil 932 personas se han recuperado y 74 mil 39 m\u00e1s han sido estudiadas por el Laboratorio Estatal de Salud P\u00fablica. En el reporte diario que emite el ISSEA sobre [&hellip;]<\/p>\n","protected":false},"author":1,"featured_media":17986,"comment_status":"closed","ping_status":"open","sticky":false,"template":"","format":"standard","meta":{"advanced_seo_description":"","jetpack_seo_html_title":"","jetpack_seo_noindex":false,"_jetpack_memberships_contains_paid_content":false,"footnotes":"","jetpack_publicize_message":"","jetpack_publicize_feature_enabled":true,"jetpack_social_post_already_shared":true,"jetpack_social_options":{"image_generator_settings":{"template":"highway","default_image_id":0,"font":"","enabled":false},"version":2}},"categories":[21,4],"tags":[22,30],"class_list":["post-17985","post","type-post","status-publish","format-standard","has-post-thumbnail","hentry","category-aguascalientes","category-gobierno-del-estado-aguascalientes","tag-aguascalientes","tag-issea"],"jetpack_publicize_connections":[],"jetpack_featured_media_url":"https:\/\/i0.wp.com\/informativoelvalledeaguascalientes.online\/wp-content\/uploads\/2021\/04\/issea_08042021.jpg?fit=1280%2C640&ssl=1","jetpack-related-posts":[],"jetpack_sharing_enabled":true,"jetpack_likes_enabled":true,"_links":{"self":[{"href":"https:\/\/informativoelvalledeaguascalientes.online\/index.php?rest_route=\/wp\/v2\/posts\/17985","targetHints":{"allow":["GET"]}}],"collection":[{"href":"https:\/\/informativoelvalledeaguascalientes.online\/index.php?rest_route=\/wp\/v2\/posts"}],"about":[{"href":"https:\/\/informativoelvalledeaguascalientes.online\/index.php?rest_route=\/wp\/v2\/types\/post"}],"author":[{"embeddable":true,"href":"https:\/\/informativoelvalledeaguascalientes.online\/index.php?rest_route=\/wp\/v2\/users\/1"}],"replies":[{"embeddable":true,"href":"https:\/\/informativoelvalledeaguascalientes.online\/index.php?rest_route=%2Fwp%2Fv2%2Fcomments&post=17985"}],"version-history":[{"count":1,"href":"https:\/\/informativoelvalledeaguascalientes.online\/index.php?rest_route=\/wp\/v2\/posts\/17985\/revisions"}],"predecessor-version":[{"id":17987,"href":"https:\/\/informativoelvalledeaguascalientes.online\/index.php?rest_route=\/wp\/v2\/posts\/17985\/revisions\/17987"}],"wp:featuredmedia":[{"embeddable":true,"href":"https:\/\/informativoelvalledeaguascalientes.online\/index.php?rest_route=\/wp\/v2\/media\/17986"}],"wp:attachment":[{"href":"https:\/\/informativoelvalledeaguascalientes.online\/index.php?rest_route=%2Fwp%2Fv2%2Fmedia&parent=17985"}],"wp:term":[{"taxonomy":"category","embeddable":true,"href":"https:\/\/informativoelvalledeaguascalientes.online\/index.php?rest_route=%2Fwp%2Fv2%2Fcategories&post=17985"},{"taxonomy":"post_tag","embeddable":true,"href":"https:\/\/informativoelvalledeaguascalientes.online\/index.php?rest_route=%2Fwp%2Fv2%2Ftags&post=17985"}],"curies":[{"name":"wp","href":"https:\/\/api.w.org\/{rel}","templated":true}]}}