{"id":17975,"date":"2021-04-07T21:58:24","date_gmt":"2021-04-08T03:58:24","guid":{"rendered":"https:\/\/informativoelvalledeaguascalientes.online\/?p=17975"},"modified":"2021-04-07T21:58:24","modified_gmt":"2021-04-08T03:58:24","slug":"comision-de-justicia-de-la-lxiv-legislatura-informa","status":"publish","type":"post","link":"https:\/\/informativoelvalledeaguascalientes.online\/?p=17975","title":{"rendered":"Comisi\u00f3n de Justicia de la LXIV Legislatura, informa"},"content":{"rendered":"<p>#informativoelvalledeaguascalientes\u00a0 #novaradioaguascalientes<\/p>\n<p>El diputado Alejandro Gonz\u00e1lez D\u00e1vila asumi\u00f3 la presidencia de la Comisi\u00f3n de Justicia de la LXIV Legislatura, y su hom\u00f3loga Liliana Noriega Su\u00e1rez, en funciones de secretaria. Adem\u00e1s se integran en las vocal\u00edas, el diputado Abdel Lu\u00e9vano N\u00fa\u00f1ez, la representante popular Ver\u00f3nica de Luna Prieto y \u00c9rica Palomino Bernal, quien ya fung\u00eda en este encargo.<\/p>\n<p>Tras rendir protesta, Gonz\u00e1lez D\u00e1vila, afirm\u00f3 que tiene la encomienda de continuar con la formulaci\u00f3n de iniciativas que robustezcan el marco jur\u00eddico de la entidad y que propicien un verdadero Estado de Derecho.<\/p>\n","protected":false},"excerpt":{"rendered":"<p>#informativoelvalledeaguascalientes\u00a0 #novaradioaguascalientes El diputado Alejandro Gonz\u00e1lez D\u00e1vila asumi\u00f3 la presidencia de la Comisi\u00f3n de Justicia de la LXIV Legislatura, y su hom\u00f3loga Liliana Noriega Su\u00e1rez, en funciones de secretaria. Adem\u00e1s se integran en las vocal\u00edas, el diputado Abdel Lu\u00e9vano N\u00fa\u00f1ez, la representante popular Ver\u00f3nica de Luna Prieto y \u00c9rica Palomino Bernal, quien ya fung\u00eda en [&hellip;]<\/p>\n","protected":false},"author":1,"featured_media":17976,"comment_status":"closed","ping_status":"open","sticky":false,"template":"","format":"standard","meta":{"advanced_seo_description":"","jetpack_seo_html_title":"","jetpack_seo_noindex":false,"_jetpack_memberships_contains_paid_content":false,"footnotes":"","jetpack_publicize_message":"","jetpack_publicize_feature_enabled":true,"jetpack_social_post_already_shared":true,"jetpack_social_options":{"image_generator_settings":{"template":"highway","default_image_id":0,"font":"","enabled":false},"version":2}},"categories":[21,5],"tags":[22,44],"class_list":["post-17975","post","type-post","status-publish","format-standard","has-post-thumbnail","hentry","category-aguascalientes","category-h-congreso-del-estado-aguascalientes","tag-aguascalientes","tag-lxiv-legislatura-aguascalientes"],"jetpack_publicize_connections":[],"jetpack_featured_media_url":"https:\/\/i0.wp.com\/informativoelvalledeaguascalientes.online\/wp-content\/uploads\/2021\/04\/hce_ags_justicia_07042021.jpg?fit=567%2C378&ssl=1","jetpack-related-posts":[],"jetpack_sharing_enabled":true,"jetpack_likes_enabled":true,"_links":{"self":[{"href":"https:\/\/informativoelvalledeaguascalientes.online\/index.php?rest_route=\/wp\/v2\/posts\/17975","targetHints":{"allow":["GET"]}}],"collection":[{"href":"https:\/\/informativoelvalledeaguascalientes.online\/index.php?rest_route=\/wp\/v2\/posts"}],"about":[{"href":"https:\/\/informativoelvalledeaguascalientes.online\/index.php?rest_route=\/wp\/v2\/types\/post"}],"author":[{"embeddable":true,"href":"https:\/\/informativoelvalledeaguascalientes.online\/index.php?rest_route=\/wp\/v2\/users\/1"}],"replies":[{"embeddable":true,"href":"https:\/\/informativoelvalledeaguascalientes.online\/index.php?rest_route=%2Fwp%2Fv2%2Fcomments&post=17975"}],"version-history":[{"count":1,"href":"https:\/\/informativoelvalledeaguascalientes.online\/index.php?rest_route=\/wp\/v2\/posts\/17975\/revisions"}],"predecessor-version":[{"id":17977,"href":"https:\/\/informativoelvalledeaguascalientes.online\/index.php?rest_route=\/wp\/v2\/posts\/17975\/revisions\/17977"}],"wp:featuredmedia":[{"embeddable":true,"href":"https:\/\/informativoelvalledeaguascalientes.online\/index.php?rest_route=\/wp\/v2\/media\/17976"}],"wp:attachment":[{"href":"https:\/\/informativoelvalledeaguascalientes.online\/index.php?rest_route=%2Fwp%2Fv2%2Fmedia&parent=17975"}],"wp:term":[{"taxonomy":"category","embeddable":true,"href":"https:\/\/informativoelvalledeaguascalientes.online\/index.php?rest_route=%2Fwp%2Fv2%2Fcategories&post=17975"},{"taxonomy":"post_tag","embeddable":true,"href":"https:\/\/informativoelvalledeaguascalientes.online\/index.php?rest_route=%2Fwp%2Fv2%2Ftags&post=17975"}],"curies":[{"name":"wp","href":"https:\/\/api.w.org\/{rel}","templated":true}]}}