{"id":17862,"date":"2021-04-04T22:12:20","date_gmt":"2021-04-05T04:12:20","guid":{"rendered":"https:\/\/informativoelvalledeaguascalientes.online\/?p=17862"},"modified":"2021-04-04T22:12:20","modified_gmt":"2021-04-05T04:12:20","slug":"reporte-tecnico-sobre-panorama-del-covid-19-en-aguascalientes-2","status":"publish","type":"post","link":"https:\/\/informativoelvalledeaguascalientes.online\/?p=17862","title":{"rendered":"REPORTE T\u00c9CNICO SOBRE PANORAMA DEL COVID-19 EN AGUASCALIENTES"},"content":{"rendered":"<p dir=\"ltr\">#informativoelvalledeaguascalientes #novaradioaguascalientes<\/p>\n<p dir=\"ltr\">De acuerdo al reporte epidemiol\u00f3gico emitido por la Secretar\u00eda de Salud del Estado de Aguascalientes, en las \u00faltimas 24 horas se registr\u00f3 un aumento de 35 casos positivos, sumando ya un total de 20 mil 628 personas que han contra\u00eddo la enfermedad en la entidad.<\/p>\n<p dir=\"ltr\">En el mismo periodo desafortunadamente 8 personas perdieron la vida en la lucha contra el coronavirus, dando un total de 2 mil 445 fallecimientos.<\/p>\n<p dir=\"ltr\">Adem\u00e1s se dio a conocer el Indicador Estatal Covid (IEC) en el que el municipio capital se encuentra en grado mayor de contagios, mientras que Asientos, Cos\u00edo, El Llano, Rinc\u00f3n de Romos, San Francisco de los Romo y Tepezal\u00e1 se colocan en color verde y el resto de los municipios del estado en color amarillo.<\/p>\n<p dir=\"ltr\">Cabe se\u00f1alar que el IEC dado a conocer por las autoridades de salud aplicar\u00e1 del 7 al 13 de abril.<\/p>\n","protected":false},"excerpt":{"rendered":"<p>#informativoelvalledeaguascalientes #novaradioaguascalientes De acuerdo al reporte epidemiol\u00f3gico emitido por la Secretar\u00eda de Salud del Estado de Aguascalientes, en las \u00faltimas 24 horas se registr\u00f3 un aumento de 35 casos positivos, sumando ya un total de 20 mil 628 personas que han contra\u00eddo la enfermedad en la entidad. En el mismo periodo desafortunadamente 8 personas perdieron [&hellip;]<\/p>\n","protected":false},"author":1,"featured_media":17863,"comment_status":"closed","ping_status":"open","sticky":false,"template":"","format":"standard","meta":{"advanced_seo_description":"","jetpack_seo_html_title":"","jetpack_seo_noindex":false,"_jetpack_memberships_contains_paid_content":false,"footnotes":"","jetpack_publicize_message":"","jetpack_publicize_feature_enabled":true,"jetpack_social_post_already_shared":true,"jetpack_social_options":{"image_generator_settings":{"template":"highway","default_image_id":0,"font":"","enabled":false},"version":2}},"categories":[21,4],"tags":[22,30],"class_list":["post-17862","post","type-post","status-publish","format-standard","has-post-thumbnail","hentry","category-aguascalientes","category-gobierno-del-estado-aguascalientes","tag-aguascalientes","tag-issea"],"jetpack_publicize_connections":[],"jetpack_featured_media_url":"https:\/\/i0.wp.com\/informativoelvalledeaguascalientes.online\/wp-content\/uploads\/2021\/04\/issea_03042021.jpg?fit=1280%2C640&ssl=1","jetpack-related-posts":[],"jetpack_sharing_enabled":true,"jetpack_likes_enabled":true,"_links":{"self":[{"href":"https:\/\/informativoelvalledeaguascalientes.online\/index.php?rest_route=\/wp\/v2\/posts\/17862","targetHints":{"allow":["GET"]}}],"collection":[{"href":"https:\/\/informativoelvalledeaguascalientes.online\/index.php?rest_route=\/wp\/v2\/posts"}],"about":[{"href":"https:\/\/informativoelvalledeaguascalientes.online\/index.php?rest_route=\/wp\/v2\/types\/post"}],"author":[{"embeddable":true,"href":"https:\/\/informativoelvalledeaguascalientes.online\/index.php?rest_route=\/wp\/v2\/users\/1"}],"replies":[{"embeddable":true,"href":"https:\/\/informativoelvalledeaguascalientes.online\/index.php?rest_route=%2Fwp%2Fv2%2Fcomments&post=17862"}],"version-history":[{"count":1,"href":"https:\/\/informativoelvalledeaguascalientes.online\/index.php?rest_route=\/wp\/v2\/posts\/17862\/revisions"}],"predecessor-version":[{"id":17864,"href":"https:\/\/informativoelvalledeaguascalientes.online\/index.php?rest_route=\/wp\/v2\/posts\/17862\/revisions\/17864"}],"wp:featuredmedia":[{"embeddable":true,"href":"https:\/\/informativoelvalledeaguascalientes.online\/index.php?rest_route=\/wp\/v2\/media\/17863"}],"wp:attachment":[{"href":"https:\/\/informativoelvalledeaguascalientes.online\/index.php?rest_route=%2Fwp%2Fv2%2Fmedia&parent=17862"}],"wp:term":[{"taxonomy":"category","embeddable":true,"href":"https:\/\/informativoelvalledeaguascalientes.online\/index.php?rest_route=%2Fwp%2Fv2%2Fcategories&post=17862"},{"taxonomy":"post_tag","embeddable":true,"href":"https:\/\/informativoelvalledeaguascalientes.online\/index.php?rest_route=%2Fwp%2Fv2%2Ftags&post=17862"}],"curies":[{"name":"wp","href":"https:\/\/api.w.org\/{rel}","templated":true}]}}