{"id":17781,"date":"2021-04-01T19:39:54","date_gmt":"2021-04-02T01:39:54","guid":{"rendered":"https:\/\/informativoelvalledeaguascalientes.online\/?p=17781"},"modified":"2021-04-01T19:39:54","modified_gmt":"2021-04-02T01:39:54","slug":"a-todos-nos-une-mexico-gustavo-baez-leos","status":"publish","type":"post","link":"https:\/\/informativoelvalledeaguascalientes.online\/?p=17781","title":{"rendered":"A TODOS NOS UNE M\u00c9XICO: GUSTAVO B\u00c1EZ LEOS"},"content":{"rendered":"<p style=\"font-weight: 400;\"><strong>#informativoelvalledeaguascalientes , #novaradioaguascalientes<\/strong><\/p>\n<p style=\"font-weight: 400;\"><strong>\u00a0<\/strong><\/p>\n<p style=\"font-weight: 400;\">Antonio Lugo Morales, delegado del CEN y presidente del CDE del PRI, en compa\u00f1\u00eda de la secretaria general, Leslie Atilano Tapia; con la grata compa\u00f1\u00eda de los dirigentes: Gustavo B\u00e1ez Leos, presidente del CDE del PAN e Iv\u00e1n S\u00e1nchez N\u00e1jera, presidente del CDE del PRD, presentan de manera conjunta e hist\u00f3rica en la sede tricolor, al abanderado Noel Mata Atilano por la Coalici\u00f3n Va X M\u00e9xico que nos representar\u00e1 de manera digna en el distrito federal 1.<\/p>\n<p style=\"font-weight: 400;\">\n<p style=\"font-weight: 400;\">Al hacer uso de la voz en la primera intervenci\u00f3n el dirigente del PRI, Antonio Lugo Morales, destac\u00f3 que, en el d\u00eda hist\u00f3rico para los partidos pol\u00edticos representados por el abanderado, Noel Mata, la coordinaci\u00f3n y la planeaci\u00f3n lograr\u00e1n el triunfo el pr\u00f3ximo 6 de junio.<\/p>\n<p style=\"font-weight: 400;\">\n<p style=\"font-weight: 400;\">En el Comit\u00e9 Estatal y Nacional del PRI, realizaremos apoyo permanente, acompa\u00f1ando al Arquitecto, Noel Mata Atilano, transitando en esta campa\u00f1a 2021.<\/p>\n<p style=\"font-weight: 400;\">\n<p style=\"font-weight: 400;\">Esta coalici\u00f3n hist\u00f3rica de 219 distritos federales nos va a generar sobre todo una esperanza para que la pr\u00f3xima Legislatura Federal en la C\u00e1mara de Diputados, podamos decirle a la sociedad que vamos a generar, en principio, una posibilidad de triunfo y de rescate a los derechos ciudadanos atropellados lamentablemente por el Gobierno Federal.<\/p>\n<p style=\"font-weight: 400;\">\n<p style=\"font-weight: 400;\">\u201cVivimos momentos en donde hay un extravi\u00f3 de un partido que representa un gobierno que tambi\u00e9n est\u00e1 extraviado. Un partido que se dirige a los ciudadanos con enga\u00f1os, con mentiras, pero, sobre todo, de manera lamentable con un da\u00f1o a la naci\u00f3n y al pueblo; en temas tan importantes como lo son, lo econ\u00f3mico, la salud y la seguridad\u201d.<\/p>\n<p style=\"font-weight: 400;\">\n<p style=\"font-weight: 400;\">El PRI, el PAN y el PRD hoy hacen un compromiso, aqu\u00ed con la representaci\u00f3n de sus dirigentes, Gustavo B\u00e1ez, Iv\u00e1n S\u00e1nchez y un servidor, para que juntos vayamos y le digamos a Aguascalientes en el distrito federal 1 que nosotros tenemos las mejores propuestas representadas en la figura de Noel Mata.<\/p>\n<p style=\"font-weight: 400;\">\n<p style=\"font-weight: 400;\">Juntos vamos en una traves\u00eda por 219 curules, y estoy seguro que vamos a lograr la mayor\u00eda simple con los 251 o m\u00e1s, por el bien de M\u00e9xico, del PRI, del PAN y el PRD.<\/p>\n<p style=\"font-weight: 400;\">\n<p style=\"font-weight: 400;\">El presidente del CDE del PAN, Gustavo B\u00e1ez Leos, tras agradecer la invitaci\u00f3n y la presencia de los dirigentes, adem\u00e1s de militantes y abanderados priistas, panistas y perredistas, asegur\u00f3 que: A todos nos une M\u00e9xico.<\/p>\n<p style=\"font-weight: 400;\">\n<p style=\"font-weight: 400;\">Estoy muy agradecido de estar aqu\u00ed, al lado de compa\u00f1eros y aliados, pues hoy nos une M\u00e9xico. Cada uno de los partidos que integramos esta coalici\u00f3n hemos sido cr\u00edticos uno con el otro; nos hemos exigido bastante, pero hemos avanzado.<\/p>\n<p style=\"font-weight: 400;\">\u201cHoy ante dos a\u00f1os de una par\u00e1lisis, donde no vemos que M\u00e9xico avance, estamos siendo arrastrados y corremos el riesgo de caer en un populismo que se active como el que se vive en otros pa\u00edses de Sudam\u00e9rica, eso es lo que nos une M\u00e9xico, nos une el gran amor a esta tierra: Aguascalientes y M\u00e9xico\u201d.<\/p>\n<p style=\"font-weight: 400;\">\n<p style=\"font-weight: 400;\">Esta coalici\u00f3n: \u201cVa por M\u00e9xico\u201d viene a meter el acelerador, a este gran freno que vino a meter este populismo destructor de MORENA.<\/p>\n<p style=\"font-weight: 400;\">\n<p style=\"font-weight: 400;\">Los invito a que vivamos esta pasi\u00f3n de rescatar a M\u00e9xico, porqu\u00e9 hoy la sociedad est\u00e1 preocupada esperando a que hagamos los acuerdos necesarios para darle rumbo a nuestro pa\u00eds. Por eso hoy estamos aqu\u00ed sentados el PRD, el PRI y Acci\u00f3n Nacional. Y estamos entorno a la figura del arquitecto Noel Mata, quien fue alcalde de Jes\u00fas Mar\u00eda, y que conoce plenamente los municipios del interior. Por eso los invito a tenerle fe al arquitecto, que es una persona que quiere mucho a Aguascalientes y trabajar\u00e1 fuertemente en esta campa\u00f1a.<\/p>\n<p style=\"font-weight: 400;\">\n<p style=\"font-weight: 400;\">Iv\u00e1n S\u00e1nchez N\u00e1jera, dirigente del Sol Azteca, puntualiz\u00f3 que en la actualidad nos encontramos en tiempos que nos exigen gran altura, con tiempos actuales complejos, es por ello que el arquitecto Noel Mata, nos abandera a tres instituciones pol\u00edticas. Sabemos que va a estar a la altura, es por eso que tiene todo nuestro respaldo.<\/p>\n<p style=\"font-weight: 400;\">\n<p style=\"font-weight: 400;\">\u201cLa situaci\u00f3n de M\u00e9xico no es para menos, hoy nos une el ser oposici\u00f3n y el serlo, sobre todo a una posici\u00f3n autoritaria, a una l\u00ednea centralista, que en estos dos a\u00f1os ha dejado claro que no est\u00e1 dispuesto a dialogar y ver otros an\u00e1lisis del pa\u00eds, otras alternativas de soluci\u00f3n, m\u00e1s que la unipersonal. En ese sentido tres partidos nos hemos unido, en la figura de Noel Mata Atilano y ser\u00e1 un contrapeso para buscar soluciones\u201d.<\/p>\n<p style=\"font-weight: 400;\">\n<p style=\"font-weight: 400;\">Con gran compromiso Noel Mata Atilano, agradeci\u00f3 la confianza que se est\u00e1 depositando en su persona, para salir a contender por la diputaci\u00f3n federal del distrito 1, que comprenden los 10 municipios del interior de Aguascalientes. Abanderar este proyecto de esta gran alianza de la coalici\u00f3n Va por M\u00e9xico, es un acto hist\u00f3rico para nuestro Estado.<\/p>\n<p style=\"font-weight: 400;\">\n<p style=\"font-weight: 400;\">\u201cAguascalientes se ve beneficiado por la unidad y disposici\u00f3n de los actores pol\u00edticos que la encabezan, para buscar mejores opciones para beneficiar toda la poblaci\u00f3n.\u00a0 Esta nueva contienda arrancar\u00e1 con una alianza bien fortalecida, entusiasta e hist\u00f3rica, que le dar\u00e1 continuidad a los buenos proyectos, otorgar\u00e1 equilibrio en el Congreso de la Uni\u00f3n y buscar\u00e1 el mayor de los beneficios para el pa\u00eds y nuestro Estado. Con la certeza, de que nuestro mayor prop\u00f3sito es procurar en todo momento la mejor calidad de vida y oportunidades para nuestras familias\u201d.<\/p>\n<p style=\"font-weight: 400;\">\n<p style=\"font-weight: 400;\">\u201cParafraseando a Colosio me permito decir lo siguiente: amigas y amigos, aqu\u00ed est\u00e1 la coalici\u00f3n con su fuerza, aqu\u00ed est\u00e1 la coalici\u00f3n con su recia vocaci\u00f3n pol\u00edtica, aqu\u00ed est\u00e1 la coalici\u00f3n para alentar a la participaci\u00f3n ciudadana, aqu\u00ed est\u00e1 la coalici\u00f3n para mantener la paz y la estabilidad del pa\u00eds, para preservar la unidad entre los mexicanos; es por ello, que hoy los invito a sumar esfuerzos, hoy los invito a sumar voluntades. Vamos a salir a dar la batalla, por nuestro M\u00e9xico que nos necesita unidos, por ese M\u00e9xico que nos necesita a todos, \u00a1Va por Aguascalientes! \u00a1Va por M\u00e9xico!\u201d.<\/p>\n","protected":false},"excerpt":{"rendered":"<p>#informativoelvalledeaguascalientes , #novaradioaguascalientes \u00a0 Antonio Lugo Morales, delegado del CEN y presidente del CDE del PRI, en compa\u00f1\u00eda de la secretaria general, Leslie Atilano Tapia; con la grata compa\u00f1\u00eda de los dirigentes: Gustavo B\u00e1ez Leos, presidente del CDE del PAN e Iv\u00e1n S\u00e1nchez N\u00e1jera, presidente del CDE del PRD, presentan de manera conjunta e hist\u00f3rica [&hellip;]<\/p>\n","protected":false},"author":1,"featured_media":17782,"comment_status":"closed","ping_status":"open","sticky":false,"template":"","format":"standard","meta":{"advanced_seo_description":"","jetpack_seo_html_title":"","jetpack_seo_noindex":false,"_jetpack_memberships_contains_paid_content":false,"footnotes":"","jetpack_publicize_message":"","jetpack_publicize_feature_enabled":true,"jetpack_social_post_already_shared":true,"jetpack_social_options":{"image_generator_settings":{"template":"highway","default_image_id":0,"font":"","enabled":false},"version":2}},"categories":[21,7,8,9],"tags":[22,23,40,91,33],"class_list":["post-17781","post","type-post","status-publish","format-standard","has-post-thumbnail","hentry","category-aguascalientes","category-pan-aguascalientes","category-prd-aguascalientes","category-pri-aguascalientes","tag-aguascalientes","tag-pan-aguascalientes","tag-prd-aguascalientes","tag-pri-aguascalientes","tag-pri-aguascalientes-cde"],"jetpack_publicize_connections":[],"jetpack_featured_media_url":"https:\/\/i0.wp.com\/informativoelvalledeaguascalientes.online\/wp-content\/uploads\/2021\/04\/PRI-PAN-Y-PRD-AGS-4-scaled.jpg?fit=2560%2C1702&ssl=1","jetpack-related-posts":[],"jetpack_sharing_enabled":true,"jetpack_likes_enabled":true,"_links":{"self":[{"href":"https:\/\/informativoelvalledeaguascalientes.online\/index.php?rest_route=\/wp\/v2\/posts\/17781","targetHints":{"allow":["GET"]}}],"collection":[{"href":"https:\/\/informativoelvalledeaguascalientes.online\/index.php?rest_route=\/wp\/v2\/posts"}],"about":[{"href":"https:\/\/informativoelvalledeaguascalientes.online\/index.php?rest_route=\/wp\/v2\/types\/post"}],"author":[{"embeddable":true,"href":"https:\/\/informativoelvalledeaguascalientes.online\/index.php?rest_route=\/wp\/v2\/users\/1"}],"replies":[{"embeddable":true,"href":"https:\/\/informativoelvalledeaguascalientes.online\/index.php?rest_route=%2Fwp%2Fv2%2Fcomments&post=17781"}],"version-history":[{"count":1,"href":"https:\/\/informativoelvalledeaguascalientes.online\/index.php?rest_route=\/wp\/v2\/posts\/17781\/revisions"}],"predecessor-version":[{"id":17783,"href":"https:\/\/informativoelvalledeaguascalientes.online\/index.php?rest_route=\/wp\/v2\/posts\/17781\/revisions\/17783"}],"wp:featuredmedia":[{"embeddable":true,"href":"https:\/\/informativoelvalledeaguascalientes.online\/index.php?rest_route=\/wp\/v2\/media\/17782"}],"wp:attachment":[{"href":"https:\/\/informativoelvalledeaguascalientes.online\/index.php?rest_route=%2Fwp%2Fv2%2Fmedia&parent=17781"}],"wp:term":[{"taxonomy":"category","embeddable":true,"href":"https:\/\/informativoelvalledeaguascalientes.online\/index.php?rest_route=%2Fwp%2Fv2%2Fcategories&post=17781"},{"taxonomy":"post_tag","embeddable":true,"href":"https:\/\/informativoelvalledeaguascalientes.online\/index.php?rest_route=%2Fwp%2Fv2%2Ftags&post=17781"}],"curies":[{"name":"wp","href":"https:\/\/api.w.org\/{rel}","templated":true}]}}