{"id":17778,"date":"2021-04-01T19:26:54","date_gmt":"2021-04-02T01:26:54","guid":{"rendered":"https:\/\/informativoelvalledeaguascalientes.online\/?p=17778"},"modified":"2021-04-01T19:26:54","modified_gmt":"2021-04-02T01:26:54","slug":"programa-en-accion-contigo-beneficiara-a-25-mil-familias-con-apoyos-alimenticios","status":"publish","type":"post","link":"https:\/\/informativoelvalledeaguascalientes.online\/?p=17778","title":{"rendered":"PROGRAMA \u201cEN ACCI\u00d3N CONTIGO\u201d BENEFICIAR\u00c1 A 25 MIL FAMILIAS CON APOYOS ALIMENTICIOS\u00a0"},"content":{"rendered":"<p dir=\"ltr\"><strong>#informativoelvalledeaguascalientes , #novaradioaguascalientes<\/strong><\/p>\n<ul>\n<li dir=\"ltr\">\n<p dir=\"ltr\">Visit\u00f3 gobernador Mart\u00edn Orozco colonias de la ciudad para invitar a la sociedad a aprovechar los programas de la SEDESO<\/p>\n<\/li>\n<li dir=\"ltr\">\n<p dir=\"ltr\">Como lo marca la ley, los programas sociales tendr\u00e1n continuidad de acuerdo a las reglas de operaci\u00f3n.<\/p>\n<\/li>\n<\/ul>\n<p dir=\"ltr\">Al visitar a vecinas y vecinos de las colonias Constituci\u00f3n, Altavista y Miravalle, el gobernador Mart\u00edn Orozco Sandoval anunci\u00f3 a las familias de Aguascalientes que se retomar\u00e1n algunas actividades presenciales en los Centros Crecer de la Secretar\u00eda de Desarrollo Social (Sedeso).<\/p>\n<p>&nbsp;<\/p>\n<p dir=\"ltr\">Al respecto, coment\u00f3 que esto ser\u00e1 de gran ayuda para que ni\u00f1as, ni\u00f1os y adultos puedan involucrarse en pr\u00e1cticas que les ayuden a aprender nuevas habilidades para mejorar su calidad de vida.<\/p>\n<p>&nbsp;<\/p>\n<p dir=\"ltr\">Durante una entrega de apoyos alimenticios como parte del programa \u201cEn Acci\u00f3n Contigo\u201d, el mandatario estatal se\u00f1al\u00f3 que los programas de la Sedeso seguir\u00e1n activos durante los meses en que se desarrollar\u00e1 el proceso electoral, pero cumpliendo la normatividad al respecto.<\/p>\n<p>&nbsp;<\/p>\n<p dir=\"ltr\">Detall\u00f3 que como parte de una nueva pol\u00edtica social de su administraci\u00f3n a partir del mes de junio, una vez pasada la elecci\u00f3n, visitar\u00e1 las colonias de la ciudad para acercar los programas de gobierno a las y los integrantes de cada hogar.<\/p>\n<p>&nbsp;<\/p>\n<p dir=\"ltr\">Por su parte, el secretario de Desarrollo Social, Humberto Montero de Alba, inform\u00f3 que durante el 2021, un total de 25 mil familias se ver\u00e1n beneficiadas con apoyos alimenticios a trav\u00e9s de este programa.<\/p>\n<p>&nbsp;<\/p>\n<p dir=\"ltr\">Destac\u00f3 que trabajando gobierno, familia y comunidad se puede mejorar la calidad de vida de todas y todos los aguascalentenses, por lo que a trav\u00e9s de la dependencia a su cargo se continuar\u00e1 teniendo acercamiento en todas las colonias para escuchar las problem\u00e1ticas sociales y llevar los programas gubernamentales para brindar apoyo y asesor\u00eda.<\/p>\n","protected":false},"excerpt":{"rendered":"<p>#informativoelvalledeaguascalientes , #novaradioaguascalientes Visit\u00f3 gobernador Mart\u00edn Orozco colonias de la ciudad para invitar a la sociedad a aprovechar los programas de la SEDESO Como lo marca la ley, los programas sociales tendr\u00e1n continuidad de acuerdo a las reglas de operaci\u00f3n. Al visitar a vecinas y vecinos de las colonias Constituci\u00f3n, Altavista y Miravalle, el gobernador [&hellip;]<\/p>\n","protected":false},"author":1,"featured_media":17779,"comment_status":"closed","ping_status":"open","sticky":false,"template":"","format":"standard","meta":{"advanced_seo_description":"","jetpack_seo_html_title":"","jetpack_seo_noindex":false,"_jetpack_memberships_contains_paid_content":false,"footnotes":"","jetpack_publicize_message":"","jetpack_publicize_feature_enabled":true,"jetpack_social_post_already_shared":true,"jetpack_social_options":{"image_generator_settings":{"template":"highway","default_image_id":0,"font":"","enabled":false},"version":2}},"categories":[21,4],"tags":[22,31,24],"class_list":["post-17778","post","type-post","status-publish","format-standard","has-post-thumbnail","hentry","category-aguascalientes","category-gobierno-del-estado-aguascalientes","tag-aguascalientes","tag-mos","tag-sedeso"],"jetpack_publicize_connections":[],"jetpack_featured_media_url":"https:\/\/i0.wp.com\/informativoelvalledeaguascalientes.online\/wp-content\/uploads\/2021\/04\/WhatsApp-Image-2021-03-30-at-7.47.01-PM.jpeg?fit=1141%2C761&ssl=1","jetpack-related-posts":[],"jetpack_sharing_enabled":true,"jetpack_likes_enabled":true,"_links":{"self":[{"href":"https:\/\/informativoelvalledeaguascalientes.online\/index.php?rest_route=\/wp\/v2\/posts\/17778","targetHints":{"allow":["GET"]}}],"collection":[{"href":"https:\/\/informativoelvalledeaguascalientes.online\/index.php?rest_route=\/wp\/v2\/posts"}],"about":[{"href":"https:\/\/informativoelvalledeaguascalientes.online\/index.php?rest_route=\/wp\/v2\/types\/post"}],"author":[{"embeddable":true,"href":"https:\/\/informativoelvalledeaguascalientes.online\/index.php?rest_route=\/wp\/v2\/users\/1"}],"replies":[{"embeddable":true,"href":"https:\/\/informativoelvalledeaguascalientes.online\/index.php?rest_route=%2Fwp%2Fv2%2Fcomments&post=17778"}],"version-history":[{"count":1,"href":"https:\/\/informativoelvalledeaguascalientes.online\/index.php?rest_route=\/wp\/v2\/posts\/17778\/revisions"}],"predecessor-version":[{"id":17780,"href":"https:\/\/informativoelvalledeaguascalientes.online\/index.php?rest_route=\/wp\/v2\/posts\/17778\/revisions\/17780"}],"wp:featuredmedia":[{"embeddable":true,"href":"https:\/\/informativoelvalledeaguascalientes.online\/index.php?rest_route=\/wp\/v2\/media\/17779"}],"wp:attachment":[{"href":"https:\/\/informativoelvalledeaguascalientes.online\/index.php?rest_route=%2Fwp%2Fv2%2Fmedia&parent=17778"}],"wp:term":[{"taxonomy":"category","embeddable":true,"href":"https:\/\/informativoelvalledeaguascalientes.online\/index.php?rest_route=%2Fwp%2Fv2%2Fcategories&post=17778"},{"taxonomy":"post_tag","embeddable":true,"href":"https:\/\/informativoelvalledeaguascalientes.online\/index.php?rest_route=%2Fwp%2Fv2%2Ftags&post=17778"}],"curies":[{"name":"wp","href":"https:\/\/api.w.org\/{rel}","templated":true}]}}