{"id":17769,"date":"2021-04-01T18:57:47","date_gmt":"2021-04-02T00:57:47","guid":{"rendered":"https:\/\/informativoelvalledeaguascalientes.online\/?p=17769"},"modified":"2021-04-01T18:57:47","modified_gmt":"2021-04-02T00:57:47","slug":"abre-centro-crecer-de-san-francisco-de-los-romo-primer-comedor-comunitario-de-un-total-de-20","status":"publish","type":"post","link":"https:\/\/informativoelvalledeaguascalientes.online\/?p=17769","title":{"rendered":"ABRE CENTRO CRECER DE SAN FRANCISCO DE LOS ROMO PRIMER COMEDOR COMUNITARIO DE UN TOTAL DE 20"},"content":{"rendered":"<p><strong>#informativoelvalledeaguascalientes , #novaradioaguascalientes<\/strong><\/p>\n<ul>\n<li><strong><em>La presidenta del DIF Estatal, Yolanda Ram\u00edrez de Orozco, encabez\u00f3 la inauguraci\u00f3n de este espacio que brindar\u00e1 atenci\u00f3n a 70 personas en situaci\u00f3n vulnerable<\/em><\/strong><\/li>\n<li><strong><em>Con el trabajo transversal ser\u00e1 posible ampliar la cobertura de beneficiarios en todos los municipios del estado<\/em><\/strong><\/li>\n<li><strong><em>A trav\u00e9s de los 20 Comedores Comunitarios que se planea abrir, se brindar\u00e1 atenci\u00f3n a aproximadamente mil 500 personas diariamente<\/em><\/strong><\/li>\n<\/ul>\n<p>Al inaugurar el comedor comunitario en el Centro Crecer de San Francisco de los Romo, la presidenta del DIF Estatal, Yolanda Ram\u00edrez del Orozco, destac\u00f3 que este espacio es el primero de un total de 20 que se pondr\u00e1n en operaci\u00f3n en diferentes municipios del estado para beneficiar aproximadamente a mil 500 personas en situaci\u00f3n vulnerable.<\/p>\n<p>Ram\u00edrez de Orozco destac\u00f3 que gracias a la labor coordinada que se tiene con el Secretario de Desarrollo Social, Humberto Montero de Alba, ser\u00e1 posible ampliar la cobertura de atenci\u00f3n para brindar apoyo alimentario a la poblaci\u00f3n que m\u00e1s lo necesita, de tal forma que a trav\u00e9s de estos lugares tengan acceso a comida caliente, variada y nutritiva.<\/p>\n<p>&nbsp;<\/p>\n<p>Mencion\u00f3 que en el Gobierno del Estado, el Gabinete Social trabaja de forma transversal para emprender acciones que se traduzcan en un mayor bienestar para las familias, sobre todo para atender aquellas necesidades prioritarias como la carencia alimentaria<\/p>\n<p>Coment\u00f3 que la pandemia ha afectado la situaci\u00f3n econ\u00f3mica de muchos hogares, motivo por el cual, desde las primeras etapas de la contingencia sanitaria, el DIF Estatal puso en marcha diez comedores comunitarios y ahora con los 20 adicionales que estar\u00e1n a cargo de la SEDESO en los Centros Crecer del Estado, se podr\u00e1 atender a los grupos de poblaci\u00f3n que requieren de este apoyo.<\/p>\n<p>Ram\u00edrez de Orozco resalt\u00f3 que el \u00e9xito y permanencia de estos comedores tambi\u00e9n depende del respaldo de la sociedad civil y de la participaci\u00f3n de diferentes organizaciones no gubernamentales, quienes son importantes para mantener en \u00f3ptimas condiciones el funcionamiento de estos centros.<\/p>\n<p>Por su parte, el Secretario de Desarrollo Social, Humberto Montero de Alba, subray\u00f3 que la dependencia a su cargo, en coordinaci\u00f3n con todas las \u00e1reas que integran el Gabinete Social, trabajan de la mano para ayudar a las familias a que mejoren su calidad de vida con acciones de salud, educaci\u00f3n, alimentaci\u00f3n, generaci\u00f3n de empleo, autoempleo, as\u00ed como capacitaci\u00f3n.<\/p>\n<p>De ah\u00ed, indic\u00f3, la importancia de impulsar la creaci\u00f3n de los Comedores Comunitarios, ya que ser\u00e1n un apoyo importante para las familias que viven en situaci\u00f3n vulnerable y que enfrentan dificultades para tener acceso a una alimentaci\u00f3n de calidad.<\/p>\n<p>Finalmente, el titular de la SEDESO detall\u00f3 que el nuevo comedor beneficiar\u00e1 a 70 personas y estar\u00e1 en funcionamiento de lunes a viernes en horario matutino, por lo que exhort\u00f3 a los habitantes de San Francisco de los Romo que as\u00ed lo requieran, a que se acerquen al Centro Crecer por sus alimentos.<\/p>\n<p>&nbsp;<\/p>\n<p>&nbsp;<\/p>\n<p>&nbsp;<\/p>\n","protected":false},"excerpt":{"rendered":"<p>#informativoelvalledeaguascalientes , #novaradioaguascalientes La presidenta del DIF Estatal, Yolanda Ram\u00edrez de Orozco, encabez\u00f3 la inauguraci\u00f3n de este espacio que brindar\u00e1 atenci\u00f3n a 70 personas en situaci\u00f3n vulnerable Con el trabajo transversal ser\u00e1 posible ampliar la cobertura de beneficiarios en todos los municipios del estado A trav\u00e9s de los 20 Comedores Comunitarios que se planea abrir, [&hellip;]<\/p>\n","protected":false},"author":1,"featured_media":17767,"comment_status":"closed","ping_status":"open","sticky":false,"template":"","format":"standard","meta":{"advanced_seo_description":"","jetpack_seo_html_title":"","jetpack_seo_noindex":false,"_jetpack_memberships_contains_paid_content":false,"footnotes":"","jetpack_publicize_message":"","jetpack_publicize_feature_enabled":true,"jetpack_social_post_already_shared":true,"jetpack_social_options":{"image_generator_settings":{"template":"highway","default_image_id":0,"font":"","enabled":false},"version":2}},"categories":[21,4],"tags":[22,65,24],"class_list":["post-17769","post","type-post","status-publish","format-standard","has-post-thumbnail","hentry","category-aguascalientes","category-gobierno-del-estado-aguascalientes","tag-aguascalientes","tag-dif-estatal-aguascalientes","tag-sedeso"],"jetpack_publicize_connections":[],"jetpack_featured_media_url":"https:\/\/i0.wp.com\/informativoelvalledeaguascalientes.online\/wp-content\/uploads\/2021\/04\/INAUGURACION-COMEDOR-SFR-3.jpeg?fit=1280%2C853&ssl=1","jetpack-related-posts":[],"jetpack_sharing_enabled":true,"jetpack_likes_enabled":true,"_links":{"self":[{"href":"https:\/\/informativoelvalledeaguascalientes.online\/index.php?rest_route=\/wp\/v2\/posts\/17769","targetHints":{"allow":["GET"]}}],"collection":[{"href":"https:\/\/informativoelvalledeaguascalientes.online\/index.php?rest_route=\/wp\/v2\/posts"}],"about":[{"href":"https:\/\/informativoelvalledeaguascalientes.online\/index.php?rest_route=\/wp\/v2\/types\/post"}],"author":[{"embeddable":true,"href":"https:\/\/informativoelvalledeaguascalientes.online\/index.php?rest_route=\/wp\/v2\/users\/1"}],"replies":[{"embeddable":true,"href":"https:\/\/informativoelvalledeaguascalientes.online\/index.php?rest_route=%2Fwp%2Fv2%2Fcomments&post=17769"}],"version-history":[{"count":1,"href":"https:\/\/informativoelvalledeaguascalientes.online\/index.php?rest_route=\/wp\/v2\/posts\/17769\/revisions"}],"predecessor-version":[{"id":17770,"href":"https:\/\/informativoelvalledeaguascalientes.online\/index.php?rest_route=\/wp\/v2\/posts\/17769\/revisions\/17770"}],"wp:featuredmedia":[{"embeddable":true,"href":"https:\/\/informativoelvalledeaguascalientes.online\/index.php?rest_route=\/wp\/v2\/media\/17767"}],"wp:attachment":[{"href":"https:\/\/informativoelvalledeaguascalientes.online\/index.php?rest_route=%2Fwp%2Fv2%2Fmedia&parent=17769"}],"wp:term":[{"taxonomy":"category","embeddable":true,"href":"https:\/\/informativoelvalledeaguascalientes.online\/index.php?rest_route=%2Fwp%2Fv2%2Fcategories&post=17769"},{"taxonomy":"post_tag","embeddable":true,"href":"https:\/\/informativoelvalledeaguascalientes.online\/index.php?rest_route=%2Fwp%2Fv2%2Ftags&post=17769"}],"curies":[{"name":"wp","href":"https:\/\/api.w.org\/{rel}","templated":true}]}}