{"id":177,"date":"2019-11-24T23:12:29","date_gmt":"2019-11-25T05:12:29","guid":{"rendered":"http:\/\/informativoelvalledeaguascalientes.online\/?p=177"},"modified":"2019-11-24T23:12:29","modified_gmt":"2019-11-25T05:12:29","slug":"habra-jornada-municipal-de-salud-en-comunidades-rurales","status":"publish","type":"post","link":"https:\/\/informativoelvalledeaguascalientes.online\/?p=177","title":{"rendered":"HABR\u00c1 JORNADA MUNICIPAL DE SALUD EN COMUNIDADES RURALES"},"content":{"rendered":"<div class=\"opinion-section opinion-single-cover opinion-indent opinion-overlay\">\n<div class=\"container\">\n<div class=\"section-head row justify-content-center text-center\">\n<div class=\"col-12 col-md-8\">El Ayuntamiento de Aguascalientes, a trav\u00e9s del DIF Municipal, te invita a participar y aprovechar las Jornadas de Salud en las que se ofrecen m\u00e1s de diez servicios m\u00e9dicos y de especialidad totalmente gratuitos para toda la familia<\/div>\n<\/div>\n<\/div>\n<\/div>\n<div class=\"opinion-section\">\n<div class=\"container\">\n<div class=\"section-content row justify-content-center\">\n<div class=\"col-12 col-lg-8 opinion-order-1\">\n<article class=\"opinion-post opinion-single post-11068 post type-post status-publish format-standard has-post-thumbnail hentry category-dif-municipal tag-jornadas-medicas-de-salud\">\n<div class=\"entry-content\">\n<p>En esta ocasi\u00f3n, la Jornada se llevar\u00e1 a cabo en las comunidades El Taray y El Trigo, en donde los asistentes podr\u00e1n ser atendidos en medicina general, enfermer\u00eda, estomatolog\u00eda, psicolog\u00eda, nutrici\u00f3n, trabajo social, asesor\u00eda jur\u00eddica y talleres de corte de cabello y bisuter\u00eda, entre otros.<\/p>\n<p>Es importante mencionar que los servicios ofrecidos son totalmente gratuitos, salvo el de optometr\u00eda, en donde se cobra una cuota m\u00ednima de recuperaci\u00f3n por los lentes otorgados.<\/p>\n<ul>\n<li>En El Taray, la cita es este martes 26 de noviembre, en el Templo de la Inmaculada Concepci\u00f3n, ubicado en la calle 20 de noviembre esquina con 16 de Septiembre, en punto de las 10:00 horas.<\/li>\n<li>En El Trigo, es el jueves 28 de noviembre en las instalaciones del Jard\u00edn del Trigo, sal\u00f3n de usos m\u00faltiples, a las 10:00 horas.<\/li>\n<\/ul>\n<p>El Municipio de Aguascalientes hace una invitaci\u00f3n a la poblaci\u00f3n en general para que aproveche estos servicios y tambi\u00e9n a que los soliciten en sus colonias o comunidades, llamando a los tel\u00e9fonos 914 49 30 y 912 77 19 del Departamento de Servicios M\u00e9dicos del DIF Municipal.<\/p>\n<\/div>\n<\/article>\n<\/div>\n<\/div>\n<\/div>\n<\/div>\n","protected":false},"excerpt":{"rendered":"<p>El Ayuntamiento de Aguascalientes, a trav\u00e9s del DIF Municipal, te invita a participar y aprovechar las Jornadas de Salud en las que se ofrecen m\u00e1s de diez servicios m\u00e9dicos y de especialidad totalmente gratuitos para toda la familia En esta ocasi\u00f3n, la Jornada se llevar\u00e1 a cabo en las comunidades El Taray y El Trigo, [&hellip;]<\/p>\n","protected":false},"author":1,"featured_media":178,"comment_status":"open","ping_status":"open","sticky":false,"template":"","format":"standard","meta":{"advanced_seo_description":"","jetpack_seo_html_title":"","jetpack_seo_noindex":false,"_jetpack_memberships_contains_paid_content":false,"footnotes":"","jetpack_publicize_message":"","jetpack_publicize_feature_enabled":true,"jetpack_social_post_already_shared":false,"jetpack_social_options":{"image_generator_settings":{"template":"highway","default_image_id":0,"font":"","enabled":false},"version":2}},"categories":[21,3],"tags":[22,25],"class_list":["post-177","post","type-post","status-publish","format-standard","has-post-thumbnail","hentry","category-aguascalientes","category-municipio-aguascalientes","tag-aguascalientes","tag-mpio-aguascalientes"],"jetpack_publicize_connections":[],"jetpack_featured_media_url":"https:\/\/i0.wp.com\/informativoelvalledeaguascalientes.online\/wp-content\/uploads\/2019\/11\/ags_mpio_dif_24112019.jpg?fit=1012%2C768&ssl=1","jetpack-related-posts":[],"jetpack_sharing_enabled":true,"jetpack_likes_enabled":true,"_links":{"self":[{"href":"https:\/\/informativoelvalledeaguascalientes.online\/index.php?rest_route=\/wp\/v2\/posts\/177","targetHints":{"allow":["GET"]}}],"collection":[{"href":"https:\/\/informativoelvalledeaguascalientes.online\/index.php?rest_route=\/wp\/v2\/posts"}],"about":[{"href":"https:\/\/informativoelvalledeaguascalientes.online\/index.php?rest_route=\/wp\/v2\/types\/post"}],"author":[{"embeddable":true,"href":"https:\/\/informativoelvalledeaguascalientes.online\/index.php?rest_route=\/wp\/v2\/users\/1"}],"replies":[{"embeddable":true,"href":"https:\/\/informativoelvalledeaguascalientes.online\/index.php?rest_route=%2Fwp%2Fv2%2Fcomments&post=177"}],"version-history":[{"count":1,"href":"https:\/\/informativoelvalledeaguascalientes.online\/index.php?rest_route=\/wp\/v2\/posts\/177\/revisions"}],"predecessor-version":[{"id":179,"href":"https:\/\/informativoelvalledeaguascalientes.online\/index.php?rest_route=\/wp\/v2\/posts\/177\/revisions\/179"}],"wp:featuredmedia":[{"embeddable":true,"href":"https:\/\/informativoelvalledeaguascalientes.online\/index.php?rest_route=\/wp\/v2\/media\/178"}],"wp:attachment":[{"href":"https:\/\/informativoelvalledeaguascalientes.online\/index.php?rest_route=%2Fwp%2Fv2%2Fmedia&parent=177"}],"wp:term":[{"taxonomy":"category","embeddable":true,"href":"https:\/\/informativoelvalledeaguascalientes.online\/index.php?rest_route=%2Fwp%2Fv2%2Fcategories&post=177"},{"taxonomy":"post_tag","embeddable":true,"href":"https:\/\/informativoelvalledeaguascalientes.online\/index.php?rest_route=%2Fwp%2Fv2%2Ftags&post=177"}],"curies":[{"name":"wp","href":"https:\/\/api.w.org\/{rel}","templated":true}]}}