{"id":17689,"date":"2021-03-29T21:23:36","date_gmt":"2021-03-30T03:23:36","guid":{"rendered":"https:\/\/informativoelvalledeaguascalientes.online\/?p=17689"},"modified":"2021-03-29T21:23:57","modified_gmt":"2021-03-30T03:23:57","slug":"con-un-estado-de-fuerza-mayor-a-los-220-elementos-intensifica-proteccion-civil-operativo-de-semana-santa","status":"publish","type":"post","link":"https:\/\/informativoelvalledeaguascalientes.online\/?p=17689","title":{"rendered":"CON UN ESTADO DE FUERZA MAYOR A LOS 220 ELEMENTOS INTENSIFICA PROTECCI\u00d3N CIVIL OPERATIVO DE SEMANA SANTA"},"content":{"rendered":"<p>#informativoelvalledeaguascalientes\u00a0 #novaradioaguascalientes<\/p>\n<ul>\n<li><strong><em>Reforzar\u00e1 la vigilancia en carreteras, presas, bordos, balnearios y puntos tur\u00edsticos de todo el estado<\/em><\/strong><\/li>\n<li style=\"font-weight: 400;\"><strong><em>Reitera Protecci\u00f3n Civil Estatal el llamado a la poblaci\u00f3n a evitar nadar en embalses, a no realizar reuniones masivas, y pasar estos d\u00edas de asueto en sus casas<\/em><\/strong><\/li>\n<\/ul>\n<p style=\"font-weight: 400;\">El coordinador estatal de Protecci\u00f3n Civil, H\u00e9ctor Reyes Hern\u00e1ndez, anunci\u00f3 que esta semana intensifican el Operativo por Semana Santa, desplegando un estado de fuerza mayor a los 220 elementos y 80 veh\u00edculos, con el fin de reforzar los recorridos de supervisi\u00f3n y vigilancia en carreteras, presas, bordos, balnearios, centros recreativos, as\u00ed como los puntos tur\u00edsticos m\u00e1s importantes de todo el estado, con el fin de contribuir a salvaguardar la integridad f\u00edsica de la poblaci\u00f3n.<\/p>\n<p style=\"font-weight: 400;\">Reyes Hern\u00e1ndez se\u00f1al\u00f3 que desde el operativo montado por la dependencia estatal a su cargo, se integran las acciones y participaci\u00f3n de las 11 coordinaciones municipales de Protecci\u00f3n Civil, a la que tambi\u00e9n se suman elementos de corporaciones estatales y de los municipios de Seguridad P\u00fablica, Bomberos y Servicios Prehospitalarios.<\/p>\n<p style=\"font-weight: 400;\">El funcionario estatal refiri\u00f3 que pondr\u00e1n especial atenci\u00f3n en las entradas del estado y en los puntos m\u00e1s tur\u00edsticos como San Jos\u00e9 de Gracia, Calvillo y Real de Asientos, con el fin de brindar la informaci\u00f3n referente a los protocolos y medidas de sanidad que se deben de cumplir con motivo de la pandemia por COVID-19, como los aforos controlados en espacios p\u00fablicos y negocios no esenciales, mantener la distancia m\u00ednima de 1.5 metros, uso de cubrebocas y lavado constante de manos.<\/p>\n<p style=\"font-weight: 400;\">Finalmente, la Coordinaci\u00f3n Estatal de Protecci\u00f3n Civil reitera el llamado a la poblaci\u00f3n para que sigan las recomendaciones de autoprotecci\u00f3n, evitando nadar en embalses, presas o bordos, recordando que son lugares peligrosos y no aptos para ninguna actividad recreativa, adem\u00e1s de evitar realizar fogatas en caso de salir al campo para no propiciar incendios forestales, y en general, tratar de pasar estos d\u00edas de asueto en casa.<\/p>\n","protected":false},"excerpt":{"rendered":"<p>#informativoelvalledeaguascalientes\u00a0 #novaradioaguascalientes Reforzar\u00e1 la vigilancia en carreteras, presas, bordos, balnearios y puntos tur\u00edsticos de todo el estado Reitera Protecci\u00f3n Civil Estatal el llamado a la poblaci\u00f3n a evitar nadar en embalses, a no realizar reuniones masivas, y pasar estos d\u00edas de asueto en sus casas El coordinador estatal de Protecci\u00f3n Civil, H\u00e9ctor Reyes Hern\u00e1ndez, anunci\u00f3 [&hellip;]<\/p>\n","protected":false},"author":1,"featured_media":17690,"comment_status":"closed","ping_status":"open","sticky":false,"template":"","format":"standard","meta":{"advanced_seo_description":"","jetpack_seo_html_title":"","jetpack_seo_noindex":false,"_jetpack_memberships_contains_paid_content":false,"footnotes":"","jetpack_publicize_message":"","jetpack_publicize_feature_enabled":true,"jetpack_social_post_already_shared":true,"jetpack_social_options":{"image_generator_settings":{"template":"highway","default_image_id":0,"font":"","enabled":false},"version":2}},"categories":[21,4],"tags":[22,51],"class_list":["post-17689","post","type-post","status-publish","format-standard","has-post-thumbnail","hentry","category-aguascalientes","category-gobierno-del-estado-aguascalientes","tag-aguascalientes","tag-seggob"],"jetpack_publicize_connections":[],"jetpack_featured_media_url":"https:\/\/i0.wp.com\/informativoelvalledeaguascalientes.online\/wp-content\/uploads\/2021\/03\/seggob_pc_ags_29032021.jpg?fit=852%2C568&ssl=1","jetpack-related-posts":[],"jetpack_sharing_enabled":true,"jetpack_likes_enabled":true,"_links":{"self":[{"href":"https:\/\/informativoelvalledeaguascalientes.online\/index.php?rest_route=\/wp\/v2\/posts\/17689","targetHints":{"allow":["GET"]}}],"collection":[{"href":"https:\/\/informativoelvalledeaguascalientes.online\/index.php?rest_route=\/wp\/v2\/posts"}],"about":[{"href":"https:\/\/informativoelvalledeaguascalientes.online\/index.php?rest_route=\/wp\/v2\/types\/post"}],"author":[{"embeddable":true,"href":"https:\/\/informativoelvalledeaguascalientes.online\/index.php?rest_route=\/wp\/v2\/users\/1"}],"replies":[{"embeddable":true,"href":"https:\/\/informativoelvalledeaguascalientes.online\/index.php?rest_route=%2Fwp%2Fv2%2Fcomments&post=17689"}],"version-history":[{"count":2,"href":"https:\/\/informativoelvalledeaguascalientes.online\/index.php?rest_route=\/wp\/v2\/posts\/17689\/revisions"}],"predecessor-version":[{"id":17692,"href":"https:\/\/informativoelvalledeaguascalientes.online\/index.php?rest_route=\/wp\/v2\/posts\/17689\/revisions\/17692"}],"wp:featuredmedia":[{"embeddable":true,"href":"https:\/\/informativoelvalledeaguascalientes.online\/index.php?rest_route=\/wp\/v2\/media\/17690"}],"wp:attachment":[{"href":"https:\/\/informativoelvalledeaguascalientes.online\/index.php?rest_route=%2Fwp%2Fv2%2Fmedia&parent=17689"}],"wp:term":[{"taxonomy":"category","embeddable":true,"href":"https:\/\/informativoelvalledeaguascalientes.online\/index.php?rest_route=%2Fwp%2Fv2%2Fcategories&post=17689"},{"taxonomy":"post_tag","embeddable":true,"href":"https:\/\/informativoelvalledeaguascalientes.online\/index.php?rest_route=%2Fwp%2Fv2%2Ftags&post=17689"}],"curies":[{"name":"wp","href":"https:\/\/api.w.org\/{rel}","templated":true}]}}