{"id":17686,"date":"2021-03-29T21:20:08","date_gmt":"2021-03-30T03:20:08","guid":{"rendered":"https:\/\/informativoelvalledeaguascalientes.online\/?p=17686"},"modified":"2021-03-29T21:20:08","modified_gmt":"2021-03-30T03:20:08","slug":"arranca-programa-de-apoyo-economico-temporal-para-la-mejora-de-espacios-comunitarios-2021","status":"publish","type":"post","link":"https:\/\/informativoelvalledeaguascalientes.online\/?p=17686","title":{"rendered":"ARRANCA PROGRAMA DE APOYO ECON\u00d3MICO TEMPORAL\u00a0PARA LA MEJORA DE ESPACIOS COMUNITARIOS 2021"},"content":{"rendered":"<p style=\"font-weight: 400;\">#informativoelvalledeaguascalientes\u00a0 #novaradioaguascalientes<\/p>\n<ul style=\"font-weight: 400;\">\n<li><strong><em>Este a\u00f1o se invertir\u00e1n 6 mdp, en beneficio de 550 personas que se encuentran desempleadas a causa de la pandemia<\/em><\/strong><\/li>\n<li><strong><em>Los beneficiarios participar\u00e1n como Voluntarios Sociales en trabajos de mantenimiento, limpieza y rehabilitaci\u00f3n de espacios comunes<\/em><\/strong><\/li>\n<li><strong><em>Los interesados podr\u00e1n inscribirse en su Centro Crecer m\u00e1s cercano o en las instalaciones de la SEDESO<\/em><\/strong><\/li>\n<\/ul>\n<p style=\"font-weight: 400;\">\n<p style=\"font-weight: 400;\">Con una inversi\u00f3n de 6 millones de pesos y 550 beneficiarios, la Secretar\u00eda de Desarrollo Social (Sedeso) puso en marcha el\u00a0<em>Programa de Apoyo Econ\u00f3mico Temporal para la Mejora de Espacios Comunitarios 2021<\/em>, con el que se busca favorecer a las personas que perdieron su empleo a causa de la pandemia.<\/p>\n<p style=\"font-weight: 400;\">Al respecto, el titular de la Sedeso, Humberto Montero de Alba, precis\u00f3 que la p\u00e9rdida de empleos ha sido una de las principales afectaciones que ha dejado la pandemia, por lo que el Gobierno del Estado promovi\u00f3 este programa para garantizar un ingreso econ\u00f3mico a las familias que quedaron vulnerables.<\/p>\n<p style=\"font-weight: 400;\">Dijo que tras la buena respuesta que se obtuvo el a\u00f1o pasado, en 2021 se increment\u00f3 la inversi\u00f3n a este programa en un 20 por ciento, al pasar de 5 a 6 millones de pesos, con lo que se favorecer\u00e1 a m\u00e1s personas que hasta el momento no han podido colocarse en un empleo formal.<\/p>\n<p style=\"font-weight: 400;\">Detall\u00f3 que los beneficiarios reciben un apoyo econ\u00f3mico a cambio de colaborar como Voluntarios Sociales en acciones de mejoramiento de espacios comunitarios,\u00a0 como mantenimiento, limpieza y rehabilitaci\u00f3n de parques, jardines y plazas, entre otros lugares de uso com\u00fan.<\/p>\n<p style=\"font-weight: 400;\">Reiter\u00f3 que el objetivo principal del\u00a0<em>Programa de Apoyo Econ\u00f3mico Temporal para la Mejora de Espacios Comunitarios,\u00a0<\/em>es favorecer la econom\u00eda de las familias que viven en condiciones de vulnerabilidad y, con ello, reactivar al mismo tiempo la econom\u00eda local.<\/p>\n<p style=\"font-weight: 400;\">Por \u00faltimo, Montero de Alba invit\u00f3 a las y los interesados en participar a que consulten los detalles de la convocatoria en las redes sociales de la Sedeso, en su Centro Crecer m\u00e1s cercano o bien en las instalaciones de la Secretar\u00eda de Desarrollo Social, que se ubican en Blvd. Jos\u00e9 Mar\u00eda Ch\u00e1vez No. 3202, en Ciudad Industrial.<\/p>\n","protected":false},"excerpt":{"rendered":"<p>#informativoelvalledeaguascalientes\u00a0 #novaradioaguascalientes Este a\u00f1o se invertir\u00e1n 6 mdp, en beneficio de 550 personas que se encuentran desempleadas a causa de la pandemia Los beneficiarios participar\u00e1n como Voluntarios Sociales en trabajos de mantenimiento, limpieza y rehabilitaci\u00f3n de espacios comunes Los interesados podr\u00e1n inscribirse en su Centro Crecer m\u00e1s cercano o en las instalaciones de la SEDESO [&hellip;]<\/p>\n","protected":false},"author":1,"featured_media":17687,"comment_status":"closed","ping_status":"open","sticky":false,"template":"","format":"standard","meta":{"advanced_seo_description":"","jetpack_seo_html_title":"","jetpack_seo_noindex":false,"_jetpack_memberships_contains_paid_content":false,"footnotes":"","jetpack_publicize_message":"","jetpack_publicize_feature_enabled":true,"jetpack_social_post_already_shared":true,"jetpack_social_options":{"image_generator_settings":{"template":"highway","default_image_id":0,"font":"","enabled":false},"version":2}},"categories":[21,4],"tags":[22,24],"class_list":["post-17686","post","type-post","status-publish","format-standard","has-post-thumbnail","hentry","category-aguascalientes","category-gobierno-del-estado-aguascalientes","tag-aguascalientes","tag-sedeso"],"jetpack_publicize_connections":[],"jetpack_featured_media_url":"https:\/\/i0.wp.com\/informativoelvalledeaguascalientes.online\/wp-content\/uploads\/2021\/03\/sedeso_29032021.jpg?fit=820%2C568&ssl=1","jetpack-related-posts":[],"jetpack_sharing_enabled":true,"jetpack_likes_enabled":true,"_links":{"self":[{"href":"https:\/\/informativoelvalledeaguascalientes.online\/index.php?rest_route=\/wp\/v2\/posts\/17686","targetHints":{"allow":["GET"]}}],"collection":[{"href":"https:\/\/informativoelvalledeaguascalientes.online\/index.php?rest_route=\/wp\/v2\/posts"}],"about":[{"href":"https:\/\/informativoelvalledeaguascalientes.online\/index.php?rest_route=\/wp\/v2\/types\/post"}],"author":[{"embeddable":true,"href":"https:\/\/informativoelvalledeaguascalientes.online\/index.php?rest_route=\/wp\/v2\/users\/1"}],"replies":[{"embeddable":true,"href":"https:\/\/informativoelvalledeaguascalientes.online\/index.php?rest_route=%2Fwp%2Fv2%2Fcomments&post=17686"}],"version-history":[{"count":1,"href":"https:\/\/informativoelvalledeaguascalientes.online\/index.php?rest_route=\/wp\/v2\/posts\/17686\/revisions"}],"predecessor-version":[{"id":17688,"href":"https:\/\/informativoelvalledeaguascalientes.online\/index.php?rest_route=\/wp\/v2\/posts\/17686\/revisions\/17688"}],"wp:featuredmedia":[{"embeddable":true,"href":"https:\/\/informativoelvalledeaguascalientes.online\/index.php?rest_route=\/wp\/v2\/media\/17687"}],"wp:attachment":[{"href":"https:\/\/informativoelvalledeaguascalientes.online\/index.php?rest_route=%2Fwp%2Fv2%2Fmedia&parent=17686"}],"wp:term":[{"taxonomy":"category","embeddable":true,"href":"https:\/\/informativoelvalledeaguascalientes.online\/index.php?rest_route=%2Fwp%2Fv2%2Fcategories&post=17686"},{"taxonomy":"post_tag","embeddable":true,"href":"https:\/\/informativoelvalledeaguascalientes.online\/index.php?rest_route=%2Fwp%2Fv2%2Ftags&post=17686"}],"curies":[{"name":"wp","href":"https:\/\/api.w.org\/{rel}","templated":true}]}}