{"id":17637,"date":"2021-03-26T21:17:04","date_gmt":"2021-03-27T03:17:04","guid":{"rendered":"https:\/\/informativoelvalledeaguascalientes.online\/?p=17637"},"modified":"2021-03-26T21:17:04","modified_gmt":"2021-03-27T03:17:04","slug":"comision-ejecutiva-aprueba-por-unanimidad-el-proyecto-de-ley-del-centro-de-conciliacion-laboral","status":"publish","type":"post","link":"https:\/\/informativoelvalledeaguascalientes.online\/?p=17637","title":{"rendered":"COMISI\u00d3N EJECUTIVA APRUEBA POR UNANIMIDAD EL PROYECTO DE LEY DEL CENTRO DE CONCILIACI\u00d3N LABORAL"},"content":{"rendered":"<p style=\"font-weight: 400;\"><strong>#informativoelvalledeaguascalientes , #novaradioaguascalientes<\/strong><\/p>\n<ul>\n<li style=\"font-weight: 400;\"><strong><em>Luego de ser aprobado por la Comisi\u00f3n Ejecutiva para la Implementaci\u00f3n de la Reforma Laboral, el proyecto de Ley ser\u00e1 enviado al Congreso para su an\u00e1lisis<\/em><\/strong><\/li>\n<li style=\"font-weight: 400;\"><strong><em>Como principal actor de esta reforma, el Centro de Conciliaci\u00f3n contribuir\u00e1 a generar mayores de condiciones de competitividad a nuestro estado: JMFF<\/em><\/strong><\/li>\n<\/ul>\n<p style=\"font-weight: 400;\"><strong><em>\u00a0<\/em><\/strong><\/p>\n<p style=\"font-weight: 400;\"><strong><em>\u00a0<\/em><\/strong><\/p>\n<p style=\"font-weight: 400;\">Avanza en el estado la implementaci\u00f3n de la Reforma Laboral, luego de ser aprobado por unanimidad el proyecto de Ley del Centro de Conciliaci\u00f3n Laboral durante la cuarta sesi\u00f3n de la Comisi\u00f3n Ejecutiva, en la que participan\u00a0 representantes de los Tres Poderes, por lo que la pr\u00f3xima semana ser\u00e1 enviada al Congreso del Estado para su an\u00e1lisis y votaci\u00f3n.<\/p>\n<p style=\"font-weight: 400;\">\n<p style=\"font-weight: 400;\">Durante su intervenci\u00f3n, el secretario General de Gobierno, Juan Manuel Flores Femat, se\u00f1al\u00f3 que una vez que se ponga en marcha el Centro de Conciliaci\u00f3n Laboral, cuya fecha l\u00edmite es el 1 de octubre de este a\u00f1o, al ser el principal actor de esta reforma, contribuir\u00e1 a afianzar el clima de paz laboral de nuestra entidad y contribuir\u00e1 a generar mayores condiciones de competitividad, dos aspectos fundamentales para la atracci\u00f3n de inversiones para Aguascalientes.<\/p>\n<p style=\"font-weight: 400;\">\n<p style=\"font-weight: 400;\">Con la creaci\u00f3n de este centro, se llevar\u00e1n los registros de sindicatos y contratos colectivos, adem\u00e1s de vigilar el respeto de los derechos sindicales y los intereses colectivos de los trabajadores, a trav\u00e9s de procesos libres y democr\u00e1ticos.<\/p>\n<p style=\"font-weight: 400;\">\n<p style=\"font-weight: 400;\">Este \u00f3rgano constituye la transici\u00f3n hacia mejores relaciones entre los principales actores de la vida productiva del pa\u00eds y del estado, al implementar y privilegiar los mecanismos alternativos de soluci\u00f3n de conflictos con caracter\u00edsticas innovadoras, adecuadas y equitativas, que garanticen la continuidad de la cultura de paz laboral que prevalece en nuestro estado.<\/p>\n<p style=\"font-weight: 400;\">\n<p style=\"font-weight: 400;\">\n","protected":false},"excerpt":{"rendered":"<p>#informativoelvalledeaguascalientes , #novaradioaguascalientes Luego de ser aprobado por la Comisi\u00f3n Ejecutiva para la Implementaci\u00f3n de la Reforma Laboral, el proyecto de Ley ser\u00e1 enviado al Congreso para su an\u00e1lisis Como principal actor de esta reforma, el Centro de Conciliaci\u00f3n contribuir\u00e1 a generar mayores de condiciones de competitividad a nuestro estado: JMFF \u00a0 \u00a0 Avanza en [&hellip;]<\/p>\n","protected":false},"author":1,"featured_media":17638,"comment_status":"closed","ping_status":"open","sticky":false,"template":"","format":"standard","meta":{"advanced_seo_description":"","jetpack_seo_html_title":"","jetpack_seo_noindex":false,"_jetpack_memberships_contains_paid_content":false,"footnotes":"","jetpack_publicize_message":"","jetpack_publicize_feature_enabled":true,"jetpack_social_post_already_shared":true,"jetpack_social_options":{"image_generator_settings":{"template":"highway","default_image_id":0,"font":"","enabled":false},"version":2}},"categories":[21,4],"tags":[22,51],"class_list":["post-17637","post","type-post","status-publish","format-standard","has-post-thumbnail","hentry","category-aguascalientes","category-gobierno-del-estado-aguascalientes","tag-aguascalientes","tag-seggob"],"jetpack_publicize_connections":[],"jetpack_featured_media_url":"https:\/\/i0.wp.com\/informativoelvalledeaguascalientes.online\/wp-content\/uploads\/2021\/03\/WhatsApp-Image-2021-03-26-at-3.31.55-PM.jpeg?fit=1280%2C853&ssl=1","jetpack-related-posts":[],"jetpack_sharing_enabled":true,"jetpack_likes_enabled":true,"_links":{"self":[{"href":"https:\/\/informativoelvalledeaguascalientes.online\/index.php?rest_route=\/wp\/v2\/posts\/17637","targetHints":{"allow":["GET"]}}],"collection":[{"href":"https:\/\/informativoelvalledeaguascalientes.online\/index.php?rest_route=\/wp\/v2\/posts"}],"about":[{"href":"https:\/\/informativoelvalledeaguascalientes.online\/index.php?rest_route=\/wp\/v2\/types\/post"}],"author":[{"embeddable":true,"href":"https:\/\/informativoelvalledeaguascalientes.online\/index.php?rest_route=\/wp\/v2\/users\/1"}],"replies":[{"embeddable":true,"href":"https:\/\/informativoelvalledeaguascalientes.online\/index.php?rest_route=%2Fwp%2Fv2%2Fcomments&post=17637"}],"version-history":[{"count":1,"href":"https:\/\/informativoelvalledeaguascalientes.online\/index.php?rest_route=\/wp\/v2\/posts\/17637\/revisions"}],"predecessor-version":[{"id":17639,"href":"https:\/\/informativoelvalledeaguascalientes.online\/index.php?rest_route=\/wp\/v2\/posts\/17637\/revisions\/17639"}],"wp:featuredmedia":[{"embeddable":true,"href":"https:\/\/informativoelvalledeaguascalientes.online\/index.php?rest_route=\/wp\/v2\/media\/17638"}],"wp:attachment":[{"href":"https:\/\/informativoelvalledeaguascalientes.online\/index.php?rest_route=%2Fwp%2Fv2%2Fmedia&parent=17637"}],"wp:term":[{"taxonomy":"category","embeddable":true,"href":"https:\/\/informativoelvalledeaguascalientes.online\/index.php?rest_route=%2Fwp%2Fv2%2Fcategories&post=17637"},{"taxonomy":"post_tag","embeddable":true,"href":"https:\/\/informativoelvalledeaguascalientes.online\/index.php?rest_route=%2Fwp%2Fv2%2Ftags&post=17637"}],"curies":[{"name":"wp","href":"https:\/\/api.w.org\/{rel}","templated":true}]}}