{"id":17498,"date":"2021-03-24T17:07:09","date_gmt":"2021-03-24T23:07:09","guid":{"rendered":"https:\/\/informativoelvalledeaguascalientes.online\/?p=17498"},"modified":"2021-03-24T17:07:09","modified_gmt":"2021-03-24T23:07:09","slug":"se-suman-empresas-privadas-a-distrito-artistico-3c","status":"publish","type":"post","link":"https:\/\/informativoelvalledeaguascalientes.online\/?p=17498","title":{"rendered":"SE SUMAN EMPRESAS PRIVADAS A DISTRITO ART\u00cdSTICO 3C\u00a0"},"content":{"rendered":"<p dir=\"ltr\"><strong>#informativoelvalledeaguascalientes , #novaradioaguascalientes<br \/>\n<\/strong><\/p>\n<p>&nbsp;<\/p>\n<p dir=\"ltr\">Para continuar con la creaci\u00f3n de los 60 murales de Distrito Art\u00edstico 3C, el Instituto Aguascalentense de la Juventud (IAJU) estableci\u00f3 un convenio de colaboraci\u00f3n con Grupo Trimex-Harinas de Trigo, a trav\u00e9s del que la empresa otorga el permiso a la dependencia estatal para que puedan pintar nuevos murales en sus bardas.<\/p>\n<p dir=\"ltr\">Al respecto, Ruth Guzm\u00e1n Cuevas, titular del IAJU, mencion\u00f3 que estos muros otorgados por las empresas privadas permitir\u00e1n a j\u00f3venes artistas expresar sus ideas en estos espacios.<\/p>\n","protected":false},"excerpt":{"rendered":"<p>#informativoelvalledeaguascalientes , #novaradioaguascalientes &nbsp; Para continuar con la creaci\u00f3n de los 60 murales de Distrito Art\u00edstico 3C, el Instituto Aguascalentense de la Juventud (IAJU) estableci\u00f3 un convenio de colaboraci\u00f3n con Grupo Trimex-Harinas de Trigo, a trav\u00e9s del que la empresa otorga el permiso a la dependencia estatal para que puedan pintar nuevos murales en sus [&hellip;]<\/p>\n","protected":false},"author":1,"featured_media":17499,"comment_status":"closed","ping_status":"open","sticky":false,"template":"","format":"standard","meta":{"advanced_seo_description":"","jetpack_seo_html_title":"","jetpack_seo_noindex":false,"_jetpack_memberships_contains_paid_content":false,"footnotes":"","jetpack_publicize_message":"","jetpack_publicize_feature_enabled":true,"jetpack_social_post_already_shared":true,"jetpack_social_options":{"image_generator_settings":{"template":"highway","default_image_id":0,"font":"","enabled":false},"version":2}},"categories":[21,4],"tags":[22,35],"class_list":["post-17498","post","type-post","status-publish","format-standard","has-post-thumbnail","hentry","category-aguascalientes","category-gobierno-del-estado-aguascalientes","tag-aguascalientes","tag-iaju"],"jetpack_publicize_connections":[],"jetpack_featured_media_url":"https:\/\/i0.wp.com\/informativoelvalledeaguascalientes.online\/wp-content\/uploads\/2021\/03\/IMG_0967-scaled.jpg?fit=2560%2C1707&ssl=1","jetpack-related-posts":[],"jetpack_sharing_enabled":true,"jetpack_likes_enabled":true,"_links":{"self":[{"href":"https:\/\/informativoelvalledeaguascalientes.online\/index.php?rest_route=\/wp\/v2\/posts\/17498","targetHints":{"allow":["GET"]}}],"collection":[{"href":"https:\/\/informativoelvalledeaguascalientes.online\/index.php?rest_route=\/wp\/v2\/posts"}],"about":[{"href":"https:\/\/informativoelvalledeaguascalientes.online\/index.php?rest_route=\/wp\/v2\/types\/post"}],"author":[{"embeddable":true,"href":"https:\/\/informativoelvalledeaguascalientes.online\/index.php?rest_route=\/wp\/v2\/users\/1"}],"replies":[{"embeddable":true,"href":"https:\/\/informativoelvalledeaguascalientes.online\/index.php?rest_route=%2Fwp%2Fv2%2Fcomments&post=17498"}],"version-history":[{"count":1,"href":"https:\/\/informativoelvalledeaguascalientes.online\/index.php?rest_route=\/wp\/v2\/posts\/17498\/revisions"}],"predecessor-version":[{"id":17500,"href":"https:\/\/informativoelvalledeaguascalientes.online\/index.php?rest_route=\/wp\/v2\/posts\/17498\/revisions\/17500"}],"wp:featuredmedia":[{"embeddable":true,"href":"https:\/\/informativoelvalledeaguascalientes.online\/index.php?rest_route=\/wp\/v2\/media\/17499"}],"wp:attachment":[{"href":"https:\/\/informativoelvalledeaguascalientes.online\/index.php?rest_route=%2Fwp%2Fv2%2Fmedia&parent=17498"}],"wp:term":[{"taxonomy":"category","embeddable":true,"href":"https:\/\/informativoelvalledeaguascalientes.online\/index.php?rest_route=%2Fwp%2Fv2%2Fcategories&post=17498"},{"taxonomy":"post_tag","embeddable":true,"href":"https:\/\/informativoelvalledeaguascalientes.online\/index.php?rest_route=%2Fwp%2Fv2%2Ftags&post=17498"}],"curies":[{"name":"wp","href":"https:\/\/api.w.org\/{rel}","templated":true}]}}