{"id":17474,"date":"2021-03-24T14:09:10","date_gmt":"2021-03-24T20:09:10","guid":{"rendered":"https:\/\/informativoelvalledeaguascalientes.online\/?p=17474"},"modified":"2021-03-24T14:09:10","modified_gmt":"2021-03-24T20:09:10","slug":"municipio-de-aguascalientes-refrenda-compromiso-con-el-desarrollo-academico-profesional-al-inaugurarse-la-universidad-nissan","status":"publish","type":"post","link":"https:\/\/informativoelvalledeaguascalientes.online\/?p=17474","title":{"rendered":"MUNICIPIO DE AGUASCALIENTES REFRENDA COMPROMISO CON EL DESARROLLO ACAD\u00c9MICO PROFESIONAL AL INAUGURARSE LA UNIVERSIDAD NISSAN"},"content":{"rendered":"<div class=\"opinion-section opinion-single-cover opinion-indent opinion-overlay\">\n<div class=\"container\">\n<div class=\"section-head row justify-content-center text-center\">\n<div class=\"col-12 col-md-8\">\n<div class=\"section-meta\">#informativoelvalledeaguascalientes\u00a0 #novaradioaguascalientes<\/div>\n<\/div>\n<\/div>\n<\/div>\n<\/div>\n<div class=\"opinion-section\">\n<div class=\"container\">\n<div class=\"section-content row justify-content-center\">\n<div class=\"col-12 col-lg-8 opinion-order-1\">\n<article class=\"opinion-post opinion-single post-27210 post type-post status-publish format-standard has-post-thumbnail hentry category-educacion tag-colaboracion tag-inauguracion tag-nissan tag-universidad\">\n<div class=\"entry-content\">\n<p>La ma\u00f1ana de este martes 23 de marzo 2021, durante la inauguraci\u00f3n de la Universidad Nissan, campus Aguascalientes, la presidenta municipal de la capital refrend\u00f3 el compromiso de dar continuidad a los programas de apoyo educativo de nivel superior que permitan el desarrollo de nuevos profesionistas.<\/p>\n<p>La apertura de esta universidad corporativa es ejemplo de la vinculaci\u00f3n exitosa de los sectores acad\u00e9mico y productivo. Esta casa de estudios es prueba del esfuerzo de Nissan por impulsar el talento de sus colaboradores y la oportunidad permanente de\u00a0 profesionalizarse.<\/p>\n<p>Se continuar\u00e1 trabajando coordinadamente con el sector productivo para que las empresas cuenten con las condiciones propicias para seguir contribuyendo al desarrollo econ\u00f3mico, social y profesional de la ciudadan\u00eda.<\/p>\n<\/div>\n<\/article>\n<\/div>\n<\/div>\n<\/div>\n<\/div>\n","protected":false},"excerpt":{"rendered":"<p>#informativoelvalledeaguascalientes\u00a0 #novaradioaguascalientes La ma\u00f1ana de este martes 23 de marzo 2021, durante la inauguraci\u00f3n de la Universidad Nissan, campus Aguascalientes, la presidenta municipal de la capital refrend\u00f3 el compromiso de dar continuidad a los programas de apoyo educativo de nivel superior que permitan el desarrollo de nuevos profesionistas. La apertura de esta universidad corporativa es [&hellip;]<\/p>\n","protected":false},"author":1,"featured_media":17475,"comment_status":"closed","ping_status":"open","sticky":false,"template":"","format":"standard","meta":{"advanced_seo_description":"","jetpack_seo_html_title":"","jetpack_seo_noindex":false,"_jetpack_memberships_contains_paid_content":false,"footnotes":"","jetpack_publicize_message":"","jetpack_publicize_feature_enabled":true,"jetpack_social_post_already_shared":true,"jetpack_social_options":{"image_generator_settings":{"template":"highway","default_image_id":0,"font":"","enabled":false},"version":2}},"categories":[21,3],"tags":[22,25],"class_list":["post-17474","post","type-post","status-publish","format-standard","has-post-thumbnail","hentry","category-aguascalientes","category-municipio-aguascalientes","tag-aguascalientes","tag-mpio-aguascalientes"],"jetpack_publicize_connections":[],"jetpack_featured_media_url":"https:\/\/i0.wp.com\/informativoelvalledeaguascalientes.online\/wp-content\/uploads\/2021\/03\/mpio_ags_universidad_nissan_23032021.jpg?fit=1620%2C1080&ssl=1","jetpack-related-posts":[],"jetpack_sharing_enabled":true,"jetpack_likes_enabled":true,"_links":{"self":[{"href":"https:\/\/informativoelvalledeaguascalientes.online\/index.php?rest_route=\/wp\/v2\/posts\/17474","targetHints":{"allow":["GET"]}}],"collection":[{"href":"https:\/\/informativoelvalledeaguascalientes.online\/index.php?rest_route=\/wp\/v2\/posts"}],"about":[{"href":"https:\/\/informativoelvalledeaguascalientes.online\/index.php?rest_route=\/wp\/v2\/types\/post"}],"author":[{"embeddable":true,"href":"https:\/\/informativoelvalledeaguascalientes.online\/index.php?rest_route=\/wp\/v2\/users\/1"}],"replies":[{"embeddable":true,"href":"https:\/\/informativoelvalledeaguascalientes.online\/index.php?rest_route=%2Fwp%2Fv2%2Fcomments&post=17474"}],"version-history":[{"count":1,"href":"https:\/\/informativoelvalledeaguascalientes.online\/index.php?rest_route=\/wp\/v2\/posts\/17474\/revisions"}],"predecessor-version":[{"id":17476,"href":"https:\/\/informativoelvalledeaguascalientes.online\/index.php?rest_route=\/wp\/v2\/posts\/17474\/revisions\/17476"}],"wp:featuredmedia":[{"embeddable":true,"href":"https:\/\/informativoelvalledeaguascalientes.online\/index.php?rest_route=\/wp\/v2\/media\/17475"}],"wp:attachment":[{"href":"https:\/\/informativoelvalledeaguascalientes.online\/index.php?rest_route=%2Fwp%2Fv2%2Fmedia&parent=17474"}],"wp:term":[{"taxonomy":"category","embeddable":true,"href":"https:\/\/informativoelvalledeaguascalientes.online\/index.php?rest_route=%2Fwp%2Fv2%2Fcategories&post=17474"},{"taxonomy":"post_tag","embeddable":true,"href":"https:\/\/informativoelvalledeaguascalientes.online\/index.php?rest_route=%2Fwp%2Fv2%2Ftags&post=17474"}],"curies":[{"name":"wp","href":"https:\/\/api.w.org\/{rel}","templated":true}]}}