{"id":17300,"date":"2021-03-16T16:01:06","date_gmt":"2021-03-16T22:01:06","guid":{"rendered":"https:\/\/informativoelvalledeaguascalientes.online\/?p=17300"},"modified":"2021-03-16T16:01:06","modified_gmt":"2021-03-16T22:01:06","slug":"sedeso-e-isssspea-firman-convenio-de-colaboracion-para-fortalecer-programa-de-asistencia-funeraria","status":"publish","type":"post","link":"https:\/\/informativoelvalledeaguascalientes.online\/?p=17300","title":{"rendered":"SEDESO E ISSSSPEA FIRMAN CONVENIO DE COLABORACI\u00d3N PARA FORTALECER PROGRAMA DE ASISTENCIA FUNERARIA"},"content":{"rendered":"<p style=\"font-weight: 400;\"><strong>#informativoelvalledeaguascalientes , #novaradioaguascalientes<\/strong><\/p>\n<p style=\"font-weight: 400;\">\n<p style=\"font-weight: 400;\">Con el prop\u00f3sito de fortalecer el programa mediante el cual se brindan servicios \u00a0a previsi\u00f3n a las familias que viven en situaci\u00f3n de desventaja socioecon\u00f3mica, la Secretar\u00eda de Desarrollo Social (SEDESO) y el\u00a0\u00a0Instituto de Seguridad y Servicios Sociales para los Servidores P\u00fablicos del Estado de Aguascalientes\u00a0(ISSSSPEA) firmaron un convenio de colaboraci\u00f3n interinstitucional para ofrecer la asistencia a trav\u00e9s de funeraria\u00a0<em>La Gloria.<\/em><\/p>\n<p style=\"font-weight: 400;\">Al respecto, el titular de la SEDESO, Humberto Montero de Alba, precis\u00f3 que el\u00a0<em>Certificado de Asistencia Funeraria<\/em>\u00a0es un apoyo que en mucho contribuye a las familias que enfrentan el fallecimiento de un familiar y que no tienen los recursos econ\u00f3micos para solventar un gasto de esa naturaleza.<\/p>\n<p style=\"font-weight: 400;\">Ante el director general del ISSSSPEA, Jos\u00e9 de Jes\u00fas Ortiz Dom\u00ednguez, Montero de Alba puso como ejemplo la pandemia y el elevado n\u00famero de personas que han fallecido a causa del Covid-19, lo que a su vez, dijo, ha dejado enormes deudas econ\u00f3micas a sus familias, no s\u00f3lo por gastos m\u00e9dicos, sino tambi\u00e9n por los servicios funerarios.<\/p>\n<p style=\"font-weight: 400;\">\n<p style=\"font-weight: 400;\">Finalmente, ambos funcionarios coincidieron en destacar la importancia del trabajo interinstitucional y de la suma de esfuerzos para lograr m\u00e1s y mejores resultados a favor de la poblaci\u00f3n que vive en condiciones de vulnerabilidad.<\/p>\n","protected":false},"excerpt":{"rendered":"<p>#informativoelvalledeaguascalientes , #novaradioaguascalientes Con el prop\u00f3sito de fortalecer el programa mediante el cual se brindan servicios \u00a0a previsi\u00f3n a las familias que viven en situaci\u00f3n de desventaja socioecon\u00f3mica, la Secretar\u00eda de Desarrollo Social (SEDESO) y el\u00a0\u00a0Instituto de Seguridad y Servicios Sociales para los Servidores P\u00fablicos del Estado de Aguascalientes\u00a0(ISSSSPEA) firmaron un convenio de colaboraci\u00f3n interinstitucional [&hellip;]<\/p>\n","protected":false},"author":1,"featured_media":17301,"comment_status":"closed","ping_status":"open","sticky":false,"template":"","format":"standard","meta":{"advanced_seo_description":"","jetpack_seo_html_title":"","jetpack_seo_noindex":false,"_jetpack_memberships_contains_paid_content":false,"footnotes":"","jetpack_publicize_message":"","jetpack_publicize_feature_enabled":true,"jetpack_social_post_already_shared":true,"jetpack_social_options":{"image_generator_settings":{"template":"highway","default_image_id":0,"font":"","enabled":false},"version":2}},"categories":[21,4],"tags":[22,141,24],"class_list":["post-17300","post","type-post","status-publish","format-standard","has-post-thumbnail","hentry","category-aguascalientes","category-gobierno-del-estado-aguascalientes","tag-aguascalientes","tag-isssspea","tag-sedeso"],"jetpack_publicize_connections":[],"jetpack_featured_media_url":"https:\/\/i0.wp.com\/informativoelvalledeaguascalientes.online\/wp-content\/uploads\/2021\/03\/FIRMA-DE-CONVENIO-SEDESO-ISSSSPEA-2.jpeg?fit=1280%2C853&ssl=1","jetpack-related-posts":[],"jetpack_sharing_enabled":true,"jetpack_likes_enabled":true,"_links":{"self":[{"href":"https:\/\/informativoelvalledeaguascalientes.online\/index.php?rest_route=\/wp\/v2\/posts\/17300","targetHints":{"allow":["GET"]}}],"collection":[{"href":"https:\/\/informativoelvalledeaguascalientes.online\/index.php?rest_route=\/wp\/v2\/posts"}],"about":[{"href":"https:\/\/informativoelvalledeaguascalientes.online\/index.php?rest_route=\/wp\/v2\/types\/post"}],"author":[{"embeddable":true,"href":"https:\/\/informativoelvalledeaguascalientes.online\/index.php?rest_route=\/wp\/v2\/users\/1"}],"replies":[{"embeddable":true,"href":"https:\/\/informativoelvalledeaguascalientes.online\/index.php?rest_route=%2Fwp%2Fv2%2Fcomments&post=17300"}],"version-history":[{"count":1,"href":"https:\/\/informativoelvalledeaguascalientes.online\/index.php?rest_route=\/wp\/v2\/posts\/17300\/revisions"}],"predecessor-version":[{"id":17302,"href":"https:\/\/informativoelvalledeaguascalientes.online\/index.php?rest_route=\/wp\/v2\/posts\/17300\/revisions\/17302"}],"wp:featuredmedia":[{"embeddable":true,"href":"https:\/\/informativoelvalledeaguascalientes.online\/index.php?rest_route=\/wp\/v2\/media\/17301"}],"wp:attachment":[{"href":"https:\/\/informativoelvalledeaguascalientes.online\/index.php?rest_route=%2Fwp%2Fv2%2Fmedia&parent=17300"}],"wp:term":[{"taxonomy":"category","embeddable":true,"href":"https:\/\/informativoelvalledeaguascalientes.online\/index.php?rest_route=%2Fwp%2Fv2%2Fcategories&post=17300"},{"taxonomy":"post_tag","embeddable":true,"href":"https:\/\/informativoelvalledeaguascalientes.online\/index.php?rest_route=%2Fwp%2Fv2%2Ftags&post=17300"}],"curies":[{"name":"wp","href":"https:\/\/api.w.org\/{rel}","templated":true}]}}