{"id":17288,"date":"2021-03-16T15:46:11","date_gmt":"2021-03-16T21:46:11","guid":{"rendered":"https:\/\/informativoelvalledeaguascalientes.online\/?p=17288"},"modified":"2021-03-16T15:46:11","modified_gmt":"2021-03-16T21:46:11","slug":"se-cumple-un-ano-del-primer-caso-de-covid-19-en-aguascalientes","status":"publish","type":"post","link":"https:\/\/informativoelvalledeaguascalientes.online\/?p=17288","title":{"rendered":"SE CUMPLE UN A\u00d1O DEL PRIMER CASO DE COVID-19 EN AGUASCALIENTES\u00a0"},"content":{"rendered":"<p dir=\"ltr\"><strong>#informativoelvalledeaguascalientes , #novaradioaguascalientes<\/strong><\/p>\n<p dir=\"ltr\">\n<ul>\n<li dir=\"ltr\">\n<p dir=\"ltr\">Aguascalientes ha demostrado que luchando en un solo frente se pueden superar hasta las batallas m\u00e1s complicadas: MOS<\/p>\n<\/li>\n<li dir=\"ltr\">\n<p dir=\"ltr\">Reconoce gobernador Mart\u00edn Orozco al personal m\u00e9dico y a todos los sectores sociales que siguen en la lucha de este enemigo invisible<\/p>\n<\/li>\n<\/ul>\n<p dir=\"ltr\">A un a\u00f1o del primer caso confirmado de COVID-19 en el estado, Aguascalientes ha demostrado a pesar de las adversidades luchando en un solo frente se pueden superar hasta las batallas m\u00e1s complicadas; as\u00ed lo manifest\u00f3 el gobernador Mart\u00edn Orozco Sandoval al reunirse con representantes de sectores sociales de la entidad.<\/p>\n<p dir=\"ltr\">En las instalaciones del Centenario Hospital Miguel Hidalgo, el mandatario estatal asegur\u00f3 que la pandemia ha sido enfrentada desde todas las trincheras y que, a pesar de que el panorama indica una baja tanto en los contagios como en hospitalizaciones, es justo este momento en el que Aguascalientes debe estar m\u00e1s unido para superar la contingencia sanitaria.<\/p>\n<p dir=\"ltr\">\u201cA un a\u00f1o del primer caso de Coronavirus, estoy convencido de que Aguascalientes, sigue adelante, est\u00e1 de pie y m\u00e1s fuerte que nunca; tan fuerte como la voluntad que demuestra cada integrante de las familias para salir adelante de los estragos por el coronavirus\u201d, apunt\u00f3.<\/p>\n<p dir=\"ltr\">Mart\u00edn Orozco hizo hincapi\u00e9 en las mujeres y hombres que se mantienen en la primera l\u00ednea de batalla en los hospitales estatales, en los privados, as\u00ed como en el IMSS e ISSSTE. En este sentido, reconoci\u00f3 su labor humanitaria y las horas que han dispuesto para salvar la vida de cientos de personas.<\/p>\n<p dir=\"ltr\">El gobernador pidi\u00f3 un aplauso como homenaje a quienes desafortunadamente perdieron la batalla contra el COVID-19, asimismo llam\u00f3 a la sociedad a continuar cuid\u00e1ndose para proteger a quienes les rodean.<\/p>\n<p dir=\"ltr\">Finalmente, mencion\u00f3 que desde su gobierno las acciones para el combate a la pandemia ser\u00e1n permanentes, pues como se ha hecho desde el inicio de la contingencia sanitaria, la salud siempre ser\u00e1 la prioridad de la administraci\u00f3n estatal.<\/p>\n","protected":false},"excerpt":{"rendered":"<p>#informativoelvalledeaguascalientes , #novaradioaguascalientes Aguascalientes ha demostrado que luchando en un solo frente se pueden superar hasta las batallas m\u00e1s complicadas: MOS Reconoce gobernador Mart\u00edn Orozco al personal m\u00e9dico y a todos los sectores sociales que siguen en la lucha de este enemigo invisible A un a\u00f1o del primer caso confirmado de COVID-19 en el estado, [&hellip;]<\/p>\n","protected":false},"author":1,"featured_media":17289,"comment_status":"closed","ping_status":"open","sticky":false,"template":"","format":"standard","meta":{"advanced_seo_description":"","jetpack_seo_html_title":"","jetpack_seo_noindex":false,"_jetpack_memberships_contains_paid_content":false,"footnotes":"","jetpack_publicize_message":"","jetpack_publicize_feature_enabled":true,"jetpack_social_post_already_shared":true,"jetpack_social_options":{"image_generator_settings":{"template":"highway","default_image_id":0,"font":"","enabled":false},"version":2}},"categories":[21,4],"tags":[22,30,31],"class_list":["post-17288","post","type-post","status-publish","format-standard","has-post-thumbnail","hentry","category-aguascalientes","category-gobierno-del-estado-aguascalientes","tag-aguascalientes","tag-issea","tag-mos"],"jetpack_publicize_connections":[],"jetpack_featured_media_url":"https:\/\/i0.wp.com\/informativoelvalledeaguascalientes.online\/wp-content\/uploads\/2021\/03\/WhatsApp-Image-2021-03-09-at-1.47.23-PM.jpeg?fit=1191%2C794&ssl=1","jetpack-related-posts":[],"jetpack_sharing_enabled":true,"jetpack_likes_enabled":true,"_links":{"self":[{"href":"https:\/\/informativoelvalledeaguascalientes.online\/index.php?rest_route=\/wp\/v2\/posts\/17288","targetHints":{"allow":["GET"]}}],"collection":[{"href":"https:\/\/informativoelvalledeaguascalientes.online\/index.php?rest_route=\/wp\/v2\/posts"}],"about":[{"href":"https:\/\/informativoelvalledeaguascalientes.online\/index.php?rest_route=\/wp\/v2\/types\/post"}],"author":[{"embeddable":true,"href":"https:\/\/informativoelvalledeaguascalientes.online\/index.php?rest_route=\/wp\/v2\/users\/1"}],"replies":[{"embeddable":true,"href":"https:\/\/informativoelvalledeaguascalientes.online\/index.php?rest_route=%2Fwp%2Fv2%2Fcomments&post=17288"}],"version-history":[{"count":1,"href":"https:\/\/informativoelvalledeaguascalientes.online\/index.php?rest_route=\/wp\/v2\/posts\/17288\/revisions"}],"predecessor-version":[{"id":17290,"href":"https:\/\/informativoelvalledeaguascalientes.online\/index.php?rest_route=\/wp\/v2\/posts\/17288\/revisions\/17290"}],"wp:featuredmedia":[{"embeddable":true,"href":"https:\/\/informativoelvalledeaguascalientes.online\/index.php?rest_route=\/wp\/v2\/media\/17289"}],"wp:attachment":[{"href":"https:\/\/informativoelvalledeaguascalientes.online\/index.php?rest_route=%2Fwp%2Fv2%2Fmedia&parent=17288"}],"wp:term":[{"taxonomy":"category","embeddable":true,"href":"https:\/\/informativoelvalledeaguascalientes.online\/index.php?rest_route=%2Fwp%2Fv2%2Fcategories&post=17288"},{"taxonomy":"post_tag","embeddable":true,"href":"https:\/\/informativoelvalledeaguascalientes.online\/index.php?rest_route=%2Fwp%2Fv2%2Ftags&post=17288"}],"curies":[{"name":"wp","href":"https:\/\/api.w.org\/{rel}","templated":true}]}}