{"id":17255,"date":"2021-03-16T15:28:51","date_gmt":"2021-03-16T21:28:51","guid":{"rendered":"https:\/\/informativoelvalledeaguascalientes.online\/?p=17255"},"modified":"2021-03-16T15:28:51","modified_gmt":"2021-03-16T21:28:51","slug":"municipio-de-aguascalientes-realizo-tareas-de-limpieza-en-el-rio-san-pedro","status":"publish","type":"post","link":"https:\/\/informativoelvalledeaguascalientes.online\/?p=17255","title":{"rendered":"MUNICIPIO DE AGUASCALIENTES REALIZ\u00d3 TAREAS DE LIMPIEZA EN EL R\u00cdO SAN PEDRO"},"content":{"rendered":"<div class=\"opinion-section opinion-single-cover opinion-indent opinion-overlay\">\n<div class=\"container\">\n<div class=\"section-head row justify-content-center text-center\"><\/div>\n<\/div>\n<\/div>\n<div class=\"opinion-section\">\n<div class=\"container\">\n<div class=\"section-content row justify-content-center\">\n<div class=\"col-12 col-lg-8 opinion-order-1\">\n<article class=\"opinion-post opinion-single post-26876 post type-post status-publish format-standard has-post-thumbnail hentry category-medio-ambiente tag-limpieza tag-medio-ambiente tag-revive-tu-arroyo\">\n<div class=\"entry-content\">\n<p>#informativoelvalledeaguascalientes\u00a0 #novaradioaguascalientes<\/p>\n<ul>\n<li><strong>Se retiraron residuos y se realizaron tareas de desmalezado y poda en algunas \u00e1reas de este cauce<\/strong><\/li>\n<\/ul>\n<p>La Secretar\u00eda de Medio Ambiente y Desarrollo Sustentable (SEMADESU) en conjunto con la Delegaci\u00f3n Insurgentes, realiz\u00f3 una jornada del programa Revive tu Arroyo en algunas \u00e1reas\u00a0 del R\u00edo San Pedro.<\/p>\n<p>Servidores p\u00fablicos del Municipio de Aguascalientes retiraron residuos s\u00f3lidos como llantas y otros desechos, y desmalezaron las orillas de este cauce en un tramo superior a los 850 metros.<\/p>\n<p>Adem\u00e1s, se llevaron a cabo tareas de podas de levantamiento y de altura en este espacio, acciones que coadyuvan en la consolidaci\u00f3n de una ciudad verde adem\u00e1s de que previenen y controlan la contaminaci\u00f3n.<\/p>\n<p>En este sentido, se hace un llamado a la ciudadan\u00eda a cuidar el entorno urbano y ecol\u00f3gico para proteger la salud y el medio ambiente, rescatando sitios naturales en beneficio de las familias.<\/p>\n<\/div>\n<\/article>\n<\/div>\n<\/div>\n<\/div>\n<\/div>\n","protected":false},"excerpt":{"rendered":"<p>#informativoelvalledeaguascalientes\u00a0 #novaradioaguascalientes Se retiraron residuos y se realizaron tareas de desmalezado y poda en algunas \u00e1reas de este cauce La Secretar\u00eda de Medio Ambiente y Desarrollo Sustentable (SEMADESU) en conjunto con la Delegaci\u00f3n Insurgentes, realiz\u00f3 una jornada del programa Revive tu Arroyo en algunas \u00e1reas\u00a0 del R\u00edo San Pedro. Servidores p\u00fablicos del Municipio de Aguascalientes [&hellip;]<\/p>\n","protected":false},"author":1,"featured_media":17267,"comment_status":"closed","ping_status":"open","sticky":false,"template":"","format":"standard","meta":{"advanced_seo_description":"","jetpack_seo_html_title":"","jetpack_seo_noindex":false,"_jetpack_memberships_contains_paid_content":false,"footnotes":"","jetpack_publicize_message":"","jetpack_publicize_feature_enabled":true,"jetpack_social_post_already_shared":true,"jetpack_social_options":{"image_generator_settings":{"template":"highway","default_image_id":0,"font":"","enabled":false},"version":2}},"categories":[21,3],"tags":[],"class_list":["post-17255","post","type-post","status-publish","format-standard","has-post-thumbnail","hentry","category-aguascalientes","category-municipio-aguascalientes"],"jetpack_publicize_connections":[],"jetpack_featured_media_url":"https:\/\/i0.wp.com\/informativoelvalledeaguascalientes.online\/wp-content\/uploads\/2021\/03\/mpio_ags_limp_13032021.jpg?fit=1280%2C853&ssl=1","jetpack-related-posts":[],"jetpack_sharing_enabled":true,"jetpack_likes_enabled":true,"_links":{"self":[{"href":"https:\/\/informativoelvalledeaguascalientes.online\/index.php?rest_route=\/wp\/v2\/posts\/17255","targetHints":{"allow":["GET"]}}],"collection":[{"href":"https:\/\/informativoelvalledeaguascalientes.online\/index.php?rest_route=\/wp\/v2\/posts"}],"about":[{"href":"https:\/\/informativoelvalledeaguascalientes.online\/index.php?rest_route=\/wp\/v2\/types\/post"}],"author":[{"embeddable":true,"href":"https:\/\/informativoelvalledeaguascalientes.online\/index.php?rest_route=\/wp\/v2\/users\/1"}],"replies":[{"embeddable":true,"href":"https:\/\/informativoelvalledeaguascalientes.online\/index.php?rest_route=%2Fwp%2Fv2%2Fcomments&post=17255"}],"version-history":[{"count":1,"href":"https:\/\/informativoelvalledeaguascalientes.online\/index.php?rest_route=\/wp\/v2\/posts\/17255\/revisions"}],"predecessor-version":[{"id":17268,"href":"https:\/\/informativoelvalledeaguascalientes.online\/index.php?rest_route=\/wp\/v2\/posts\/17255\/revisions\/17268"}],"wp:featuredmedia":[{"embeddable":true,"href":"https:\/\/informativoelvalledeaguascalientes.online\/index.php?rest_route=\/wp\/v2\/media\/17267"}],"wp:attachment":[{"href":"https:\/\/informativoelvalledeaguascalientes.online\/index.php?rest_route=%2Fwp%2Fv2%2Fmedia&parent=17255"}],"wp:term":[{"taxonomy":"category","embeddable":true,"href":"https:\/\/informativoelvalledeaguascalientes.online\/index.php?rest_route=%2Fwp%2Fv2%2Fcategories&post=17255"},{"taxonomy":"post_tag","embeddable":true,"href":"https:\/\/informativoelvalledeaguascalientes.online\/index.php?rest_route=%2Fwp%2Fv2%2Ftags&post=17255"}],"curies":[{"name":"wp","href":"https:\/\/api.w.org\/{rel}","templated":true}]}}