{"id":17138,"date":"2021-03-10T20:32:27","date_gmt":"2021-03-11T02:32:27","guid":{"rendered":"https:\/\/informativoelvalledeaguascalientes.online\/?p=17138"},"modified":"2021-03-10T20:32:27","modified_gmt":"2021-03-11T02:32:27","slug":"condenan-hechos-de-violencia-en-la-marcha-del-8m-ge-y-ovsg","status":"publish","type":"post","link":"https:\/\/informativoelvalledeaguascalientes.online\/?p=17138","title":{"rendered":"CONDENAN HECHOS DE VIOLENCIA EN LA MARCHA DEL 8M GE Y OVSG"},"content":{"rendered":"<p style=\"font-weight: 400;\"><strong>#informativoelvalledeaguascalientes , #novaradioaguascalientes<\/strong><\/p>\n<p style=\"font-weight: 400;\"><strong>\u00a0<\/strong><\/p>\n<ul>\n<li style=\"font-weight: 400;\"><strong><em>Acuerdan en mesa de di\u00e1logo Gobierno del Estado, Fiscal\u00eda y Observatorio trabajo para erradicar la violencia contra las mujeres y promover la equidad.<\/em><\/strong><\/li>\n<li style=\"font-weight: 400;\"><strong><em>Dar\u00e1n seguimiento legal\u00a0 a detenciones de manifestantes en el 8M<\/em><\/strong><\/li>\n<\/ul>\n<p style=\"font-weight: 400;\">\n<p style=\"font-weight: 400;\">Reprueban hechos de violencia en la marcha del pasado 8 de marzo, y de las acciones que se suscitaron en contra de la integridad de las personas al t\u00e9rmino de la manifestaci\u00f3n por los derechos de las mujeres.<\/p>\n<p style=\"font-weight: 400;\">\n<p style=\"font-weight: 400;\">En reuni\u00f3n con representantes del Observatorio de Violencia Social y de G\u00e9nero y la Fiscal\u00eda del estado, el secretario general de gobierno, Juan Manuel Flores Femat, apunt\u00f3 que se lleg\u00f3 a un acuerdo conjunto para dar seguimiento a los trabajos en materia de equidad de g\u00e9nero, privilegiando el di\u00e1logo entre las partes.<\/p>\n<p style=\"font-weight: 400;\">\n<p style=\"font-weight: 400;\">Destac\u00f3 que se firm\u00f3 un compromiso para evitar la violencia en todos los sentidos, dar seguimiento a las detenciones de las participantes en la marcha de acuerdo a los t\u00e9rminos legales, adem\u00e1s de continuar los trabajos por la igualdad, a trav\u00e9s de pol\u00edticas p\u00fablicas que promuevan la equidad.<\/p>\n<p style=\"font-weight: 400;\">\n<p style=\"font-weight: 400;\">En este acuerdo, la autoridad estatal consider\u00f3 tambi\u00e9n incrementar la capacitaci\u00f3n a los elementos de las corporaciones policiacas que participan en el seguimiento a estas manifestaciones, para garantizar en todo momento la integridad de quienes salen a las calles a manifestar sus ideas.<\/p>\n<p style=\"font-weight: 400;\">\n<p style=\"font-weight: 400;\">El secretario general de gobierno apunt\u00f3 que no se deben estigmatizar los grupos feministas que han trabajado hist\u00f3ricamente por mejores condiciones para las mujeres, por una situaci\u00f3n que sali\u00f3 de control, ya que con estos grupos siempre ha existido di\u00e1logo constructivo.<\/p>\n<p style=\"font-weight: 400;\">\n<p style=\"font-weight: 400;\">Por su parte, al t\u00e9rmino de la reuni\u00f3n, Violeta Sabas D\u00edaz de Le\u00f3n, coordinadora del Observatorio de Violencia Social y de G\u00e9nero, asegur\u00f3 que la marcha del 8M fue concebida como un evento de visibilizaci\u00f3n de las causas por las que luchan a diario las mujeres, por lo que deslind\u00f3 a su organizaci\u00f3n de la violencia generada y sobre todo del desenlace de este evento hist\u00f3rico en Aguascalientes.<\/p>\n<p style=\"font-weight: 400;\">\n<p style=\"font-weight: 400;\">En la reuni\u00f3n y el acuerdo firmado por las partes, estuvieron presentes el secretario general de gobierno, Juan Manuel Flores Femat; Violeta Sabas D\u00edaz de Le\u00f3n y Wilfrido Salazar por el OVSG; as\u00ed como Juan Antonio Zerme\u00f1o Romo, vicefiscal de Investigaci\u00f3n de Delitos de la Fiscal\u00eda estatal.<\/p>\n<p style=\"font-weight: 400;\">\n","protected":false},"excerpt":{"rendered":"<p>#informativoelvalledeaguascalientes , #novaradioaguascalientes \u00a0 Acuerdan en mesa de di\u00e1logo Gobierno del Estado, Fiscal\u00eda y Observatorio trabajo para erradicar la violencia contra las mujeres y promover la equidad. Dar\u00e1n seguimiento legal\u00a0 a detenciones de manifestantes en el 8M Reprueban hechos de violencia en la marcha del pasado 8 de marzo, y de las acciones que se [&hellip;]<\/p>\n","protected":false},"author":1,"featured_media":17139,"comment_status":"closed","ping_status":"open","sticky":false,"template":"","format":"standard","meta":{"advanced_seo_description":"","jetpack_seo_html_title":"","jetpack_seo_noindex":false,"_jetpack_memberships_contains_paid_content":false,"footnotes":"","jetpack_publicize_message":"","jetpack_publicize_feature_enabled":true,"jetpack_social_post_already_shared":true,"jetpack_social_options":{"image_generator_settings":{"template":"highway","default_image_id":0,"font":"","enabled":false},"version":2}},"categories":[21,4],"tags":[22,51],"class_list":["post-17138","post","type-post","status-publish","format-standard","has-post-thumbnail","hentry","category-aguascalientes","category-gobierno-del-estado-aguascalientes","tag-aguascalientes","tag-seggob"],"jetpack_publicize_connections":[],"jetpack_featured_media_url":"https:\/\/i0.wp.com\/informativoelvalledeaguascalientes.online\/wp-content\/uploads\/2021\/03\/WhatsApp-Image-2021-03-10-at-2.06.51-PM.jpeg?fit=1280%2C853&ssl=1","jetpack-related-posts":[],"jetpack_sharing_enabled":true,"jetpack_likes_enabled":true,"_links":{"self":[{"href":"https:\/\/informativoelvalledeaguascalientes.online\/index.php?rest_route=\/wp\/v2\/posts\/17138","targetHints":{"allow":["GET"]}}],"collection":[{"href":"https:\/\/informativoelvalledeaguascalientes.online\/index.php?rest_route=\/wp\/v2\/posts"}],"about":[{"href":"https:\/\/informativoelvalledeaguascalientes.online\/index.php?rest_route=\/wp\/v2\/types\/post"}],"author":[{"embeddable":true,"href":"https:\/\/informativoelvalledeaguascalientes.online\/index.php?rest_route=\/wp\/v2\/users\/1"}],"replies":[{"embeddable":true,"href":"https:\/\/informativoelvalledeaguascalientes.online\/index.php?rest_route=%2Fwp%2Fv2%2Fcomments&post=17138"}],"version-history":[{"count":1,"href":"https:\/\/informativoelvalledeaguascalientes.online\/index.php?rest_route=\/wp\/v2\/posts\/17138\/revisions"}],"predecessor-version":[{"id":17140,"href":"https:\/\/informativoelvalledeaguascalientes.online\/index.php?rest_route=\/wp\/v2\/posts\/17138\/revisions\/17140"}],"wp:featuredmedia":[{"embeddable":true,"href":"https:\/\/informativoelvalledeaguascalientes.online\/index.php?rest_route=\/wp\/v2\/media\/17139"}],"wp:attachment":[{"href":"https:\/\/informativoelvalledeaguascalientes.online\/index.php?rest_route=%2Fwp%2Fv2%2Fmedia&parent=17138"}],"wp:term":[{"taxonomy":"category","embeddable":true,"href":"https:\/\/informativoelvalledeaguascalientes.online\/index.php?rest_route=%2Fwp%2Fv2%2Fcategories&post=17138"},{"taxonomy":"post_tag","embeddable":true,"href":"https:\/\/informativoelvalledeaguascalientes.online\/index.php?rest_route=%2Fwp%2Fv2%2Ftags&post=17138"}],"curies":[{"name":"wp","href":"https:\/\/api.w.org\/{rel}","templated":true}]}}