{"id":171,"date":"2019-11-24T23:04:27","date_gmt":"2019-11-25T05:04:27","guid":{"rendered":"http:\/\/informativoelvalledeaguascalientes.online\/?p=171"},"modified":"2019-11-24T23:04:27","modified_gmt":"2019-11-25T05:04:27","slug":"presencia-de-patzcuaro-pueblo-magico-en-el-museo-nacional-de-pueblos-magicos","status":"publish","type":"post","link":"https:\/\/informativoelvalledeaguascalientes.online\/?p=171","title":{"rendered":"Presencia de P\u00e1tzcuaro Pueblo M\u00e1gico en el Museo Nacional de Pueblos M\u00e1gicos"},"content":{"rendered":"<p><strong><em>La exposici\u00f3n Tzakapu Amukutin Paskuaro\u00a0 (Lugar donde se encuentran las piedras que se\u00f1alan la entrada al Para\u00edso) Un Para\u00edso de Tradiciones, Formas y Color estar\u00e1 en el MUNPUMA hasta el 3 de marzo pr\u00f3ximo.<\/em><\/strong><\/p>\n<p>Desde este viernes 22 de noviembre y hasta el 3 de marzo pr\u00f3ximo, la sala temporal Anita Brenner del Museo Nacional de Pueblos M\u00e1gicos (MUNPUMA) muestra la exposici\u00f3n Tzakapu Amukutin Paskuaro\u00a0 (Lugar donde se encuentran las piedras que se\u00f1alan la entrada al Para\u00edso) Un Para\u00edso de Tradiciones, Formas y Color, con la que P\u00e1tzcuaro Pueblo M\u00e1gico inicia el intercambio cultural con los 121 Pueblos M\u00e1gicos de M\u00e9xico que el MUNPUMA realizar\u00e1 en lo sucesivo.<\/p>\n<p>El presidente municipal Ad\u00e1n Valdivia L\u00f3pez; Pamela Oseguera Disher, directora de Artesan\u00edas de P\u00e1tzcuaro, Michoac\u00e1n; Jos\u00e9 Manuel Velasco Serna, diputado local y, Jos\u00e9 Guadalupe Romo Silva, secretario de Turismo y Cultura de Calvillo inauguraron la exposici\u00f3n en el MUNPUMA.<\/p>\n<p>Con motivo de la exposici\u00f3n, P\u00e1tzcuaro Pueblo M\u00e1gico tendr\u00e1 presencia en la Plaza Principal Porfirio D\u00edaz\u00a0 de Calvillo ofreciendo sus artesan\u00edas y gastronom\u00eda, este s\u00e1bado 23 y domingo 24 de noviembre.<\/p>\n<p>La exposici\u00f3n Tzakapu Amukutin Paskuaro Un Para\u00edso de Tradiciones, Formas y Color, cuenta con varias ramas artesanales t\u00edpicas de la regi\u00f3n de P\u00e1tzcuaro, Michoac\u00e1n tales como: 5 esculturas de pasta de ca\u00f1a, 25 piezas de textil, 14 piezas de laca artesanal entre guajes y bateas, 2 piezas de herrer\u00eda tradicional y 1 pieza en madera tallada a mano.<\/p>\n<p>Tambi\u00e9n, este s\u00e1bado 23 y domingo 24 de noviembre habr\u00e1 una demostraci\u00f3n de la elaboraci\u00f3n de prendas en telar en la Sala L\u00fadica del MUNPUMA.<\/p>\n<p>Ad\u00e1n Valdivia agradeci\u00f3 a P\u00e1tzcuaro Pueblo M\u00e1gico por aceptar la invitaci\u00f3n para inaugurar la sala temporal Anita Brenner del MUNPUMA, en la que se estar\u00e1n presentando exposiciones que permitir\u00e1n a los visitantes profundizar m\u00e1s en el conocimiento de la cultura, las tradiciones y el patrimonio de determinados Pueblos M\u00e1gicos.<\/p>\n<p>En representaci\u00f3n del presidente municipal de P\u00e1tzcuaro, V\u00edctor Manuel B\u00e1ez Ceja, Pamela Oseguera Disher, directora de Artesan\u00edas, expres\u00f3 la satisfacci\u00f3n de ser el primer Pueblo M\u00e1gico en presentar una muestra cultural en el MUNPUMA y propuso mantener un intercambio permanente con Calvillo Pueblo M\u00e1gico para fortalecer la identidad de ambos Pueblos M\u00e1gicos.<\/p>\n","protected":false},"excerpt":{"rendered":"<p>La exposici\u00f3n Tzakapu Amukutin Paskuaro\u00a0 (Lugar donde se encuentran las piedras que se\u00f1alan la entrada al Para\u00edso) Un Para\u00edso de Tradiciones, Formas y Color estar\u00e1 en el MUNPUMA hasta el 3 de marzo pr\u00f3ximo. Desde este viernes 22 de noviembre y hasta el 3 de marzo pr\u00f3ximo, la sala temporal Anita Brenner del Museo Nacional [&hellip;]<\/p>\n","protected":false},"author":1,"featured_media":172,"comment_status":"open","ping_status":"open","sticky":false,"template":"","format":"standard","meta":{"advanced_seo_description":"","jetpack_seo_html_title":"","jetpack_seo_noindex":false,"_jetpack_memberships_contains_paid_content":false,"footnotes":"","jetpack_publicize_message":"","jetpack_publicize_feature_enabled":true,"jetpack_social_post_already_shared":false,"jetpack_social_options":{"image_generator_settings":{"template":"highway","default_image_id":0,"font":"","enabled":false},"version":2}},"categories":[21,13],"tags":[22,29],"class_list":["post-171","post","type-post","status-publish","format-standard","has-post-thumbnail","hentry","category-aguascalientes","category-calvillo-aguascalientes","tag-aguascalientes","tag-calvillo-aguascalientes"],"jetpack_publicize_connections":[],"jetpack_featured_media_url":"https:\/\/i0.wp.com\/informativoelvalledeaguascalientes.online\/wp-content\/uploads\/2019\/11\/calvillo_23112019.jpg?fit=873%2C582&ssl=1","jetpack-related-posts":[],"jetpack_sharing_enabled":true,"jetpack_likes_enabled":true,"_links":{"self":[{"href":"https:\/\/informativoelvalledeaguascalientes.online\/index.php?rest_route=\/wp\/v2\/posts\/171","targetHints":{"allow":["GET"]}}],"collection":[{"href":"https:\/\/informativoelvalledeaguascalientes.online\/index.php?rest_route=\/wp\/v2\/posts"}],"about":[{"href":"https:\/\/informativoelvalledeaguascalientes.online\/index.php?rest_route=\/wp\/v2\/types\/post"}],"author":[{"embeddable":true,"href":"https:\/\/informativoelvalledeaguascalientes.online\/index.php?rest_route=\/wp\/v2\/users\/1"}],"replies":[{"embeddable":true,"href":"https:\/\/informativoelvalledeaguascalientes.online\/index.php?rest_route=%2Fwp%2Fv2%2Fcomments&post=171"}],"version-history":[{"count":1,"href":"https:\/\/informativoelvalledeaguascalientes.online\/index.php?rest_route=\/wp\/v2\/posts\/171\/revisions"}],"predecessor-version":[{"id":173,"href":"https:\/\/informativoelvalledeaguascalientes.online\/index.php?rest_route=\/wp\/v2\/posts\/171\/revisions\/173"}],"wp:featuredmedia":[{"embeddable":true,"href":"https:\/\/informativoelvalledeaguascalientes.online\/index.php?rest_route=\/wp\/v2\/media\/172"}],"wp:attachment":[{"href":"https:\/\/informativoelvalledeaguascalientes.online\/index.php?rest_route=%2Fwp%2Fv2%2Fmedia&parent=171"}],"wp:term":[{"taxonomy":"category","embeddable":true,"href":"https:\/\/informativoelvalledeaguascalientes.online\/index.php?rest_route=%2Fwp%2Fv2%2Fcategories&post=171"},{"taxonomy":"post_tag","embeddable":true,"href":"https:\/\/informativoelvalledeaguascalientes.online\/index.php?rest_route=%2Fwp%2Fv2%2Ftags&post=171"}],"curies":[{"name":"wp","href":"https:\/\/api.w.org\/{rel}","templated":true}]}}