{"id":17059,"date":"2021-03-08T22:44:27","date_gmt":"2021-03-09T04:44:27","guid":{"rendered":"https:\/\/informativoelvalledeaguascalientes.online\/?p=17059"},"modified":"2021-03-08T22:44:27","modified_gmt":"2021-03-09T04:44:27","slug":"premio-dolores-castro-visibiliza-a-las-mujeres-que-por-decadas-las-callaron","status":"publish","type":"post","link":"https:\/\/informativoelvalledeaguascalientes.online\/?p=17059","title":{"rendered":"Premio Dolores Castro visibiliza a las mujeres que por d\u00e9cadas las callaron\u00a0"},"content":{"rendered":"<p><strong>#informativoelvalledeaguascalientes , #novaradioaguascalientes<br \/>\n<\/strong><\/p>\n<p><span style=\"font-weight: 400;\">Como regidora presidenta de la Comisi\u00f3n de Igualdad y G\u00e9nero, Juanis Mart\u00ednez Mel\u00e9ndez, celebr\u00f3 que el Premio Dolores Castro 2021 abriera su d\u00e9cima convocatoria para mujeres escritoras e ilustradoras tanto de Aguascalientes como de todo el pa\u00eds y radicadas en otras naciones, tomando en cuenta que la literatura ha sido uno de los rubros con mayor discriminaci\u00f3n por g\u00e9nero.\u00a0<\/span><\/p>\n<p><span style=\"font-weight: 400;\">Durante la presentaci\u00f3n de las bases para participar en esta edici\u00f3n, la regidora destac\u00f3 ser un premio que inici\u00f3 como una oportunidad para reconocer a nuestra querida Dolores Castro Varela, \u201cpero tambi\u00e9n para darle voz a esas plumas que poco se ve\u00edan en ese momento, las plumas de mujeres que a trav\u00e9s de la palabra expresaban sus miedos, temores, violencias, felicidad, esperanzas, sue\u00f1os; todo aquello que en su cabeza pasaba y que por alguna raz\u00f3n no pod\u00eda salir con la voz\u201d.\u00a0<\/span><\/p>\n<p><span style=\"font-weight: 400;\">Ahora, tras diez a\u00f1os, estas plumas se han fortalecido junto al Premio, reconoci\u00e9ndose al integrarlo en el Reglamento de Premios y Distinciones del Municipio de Aguascalientes, como un logro colectivo y efecto del buen trabajo de las autoras y la exitosa respuesta de la convocatoria.\u00a0<\/span><\/p>\n<p><span style=\"font-weight: 400;\">En este 8 de Marzo, D\u00eda Internacional de la Mujer, insisti\u00f3 en la fuerza que tienen todas las mujeres para transformar nuestros entornos al hacer escuchar nuestras voces con la palabra o ilustraci\u00f3n; \u201cpersistimos en que fomentando la literatura y las artes en general, tendremos un fortalecido eje para la conciencia y la visibilizaci\u00f3n de perspectivas renovadoras, tanto para nuestra ciudad como para todo M\u00e9xico y el mundo\u201d, record\u00e1ndose que el Premio Dolores Castro no solo se queda en territorio mexicano, sino que mujeres de los cinco continentes se han mantenido interesadas en participar o bien en conseguir sus ediciones.\u00a0<\/span><\/p>\n<p><span style=\"font-weight: 400;\">Adem\u00e1s destac\u00f3 que gracias a la visi\u00f3n de todo un gran equipo de trabajo del Instituto Municipal Aguascalentense para la Cultura (IMAC), ahora con 5 categor\u00edas (Poes\u00eda, Narrativa, Ensayo, Dramaturgia e Ilustraci\u00f3n); es una convocatoria que seguir\u00e1 nutri\u00e9ndose con el gran talento que demuestran d\u00eda con d\u00eda las mujeres, y el avance que estamos logrando para la igualdad de g\u00e9nero y la justicia de las escritoras que por d\u00e9cadas fueron silenciadas.\u00a0<\/span><\/p>\n<p><span style=\"font-weight: 400;\">\u201cLarga vida al Premio. Larga vida a nuestra querida Dolores Castro Varela, gracias por tantos aprendizajes, por ser esa luz que mantiene muchas velas de esperanza encendidas para las mujeres\u201d, finaliz\u00f3 la regidora invitando a conocer la convocatoria en la p\u00e1gina oficial del IMAC y del Municipio de Aguascalientes, que tiene como fecha l\u00edmite para la recepci\u00f3n de trabajo el viernes 28 de mayo.\u00a0\u00a0<\/span><\/p>\n","protected":false},"excerpt":{"rendered":"<p>#informativoelvalledeaguascalientes , #novaradioaguascalientes Como regidora presidenta de la Comisi\u00f3n de Igualdad y G\u00e9nero, Juanis Mart\u00ednez Mel\u00e9ndez, celebr\u00f3 que el Premio Dolores Castro 2021 abriera su d\u00e9cima convocatoria para mujeres escritoras e ilustradoras tanto de Aguascalientes como de todo el pa\u00eds y radicadas en otras naciones, tomando en cuenta que la literatura ha sido uno de [&hellip;]<\/p>\n","protected":false},"author":1,"featured_media":17060,"comment_status":"closed","ping_status":"open","sticky":false,"template":"","format":"standard","meta":{"advanced_seo_description":"","jetpack_seo_html_title":"","jetpack_seo_noindex":false,"_jetpack_memberships_contains_paid_content":false,"footnotes":"","jetpack_publicize_message":"","jetpack_publicize_feature_enabled":true,"jetpack_social_post_already_shared":true,"jetpack_social_options":{"image_generator_settings":{"template":"highway","default_image_id":0,"font":"","enabled":false},"version":2}},"categories":[21,3],"tags":[22,25,118],"class_list":["post-17059","post","type-post","status-publish","format-standard","has-post-thumbnail","hentry","category-aguascalientes","category-municipio-aguascalientes","tag-aguascalientes","tag-mpio-aguascalientes","tag-mpio-aguascalientes-imac"],"jetpack_publicize_connections":[],"jetpack_featured_media_url":"https:\/\/i0.wp.com\/informativoelvalledeaguascalientes.online\/wp-content\/uploads\/2021\/03\/dolores-castro-prem.jpg?fit=636%2C989&ssl=1","jetpack-related-posts":[],"jetpack_sharing_enabled":true,"jetpack_likes_enabled":true,"_links":{"self":[{"href":"https:\/\/informativoelvalledeaguascalientes.online\/index.php?rest_route=\/wp\/v2\/posts\/17059","targetHints":{"allow":["GET"]}}],"collection":[{"href":"https:\/\/informativoelvalledeaguascalientes.online\/index.php?rest_route=\/wp\/v2\/posts"}],"about":[{"href":"https:\/\/informativoelvalledeaguascalientes.online\/index.php?rest_route=\/wp\/v2\/types\/post"}],"author":[{"embeddable":true,"href":"https:\/\/informativoelvalledeaguascalientes.online\/index.php?rest_route=\/wp\/v2\/users\/1"}],"replies":[{"embeddable":true,"href":"https:\/\/informativoelvalledeaguascalientes.online\/index.php?rest_route=%2Fwp%2Fv2%2Fcomments&post=17059"}],"version-history":[{"count":1,"href":"https:\/\/informativoelvalledeaguascalientes.online\/index.php?rest_route=\/wp\/v2\/posts\/17059\/revisions"}],"predecessor-version":[{"id":17061,"href":"https:\/\/informativoelvalledeaguascalientes.online\/index.php?rest_route=\/wp\/v2\/posts\/17059\/revisions\/17061"}],"wp:featuredmedia":[{"embeddable":true,"href":"https:\/\/informativoelvalledeaguascalientes.online\/index.php?rest_route=\/wp\/v2\/media\/17060"}],"wp:attachment":[{"href":"https:\/\/informativoelvalledeaguascalientes.online\/index.php?rest_route=%2Fwp%2Fv2%2Fmedia&parent=17059"}],"wp:term":[{"taxonomy":"category","embeddable":true,"href":"https:\/\/informativoelvalledeaguascalientes.online\/index.php?rest_route=%2Fwp%2Fv2%2Fcategories&post=17059"},{"taxonomy":"post_tag","embeddable":true,"href":"https:\/\/informativoelvalledeaguascalientes.online\/index.php?rest_route=%2Fwp%2Fv2%2Ftags&post=17059"}],"curies":[{"name":"wp","href":"https:\/\/api.w.org\/{rel}","templated":true}]}}