{"id":17050,"date":"2021-03-08T21:43:31","date_gmt":"2021-03-09T03:43:31","guid":{"rendered":"https:\/\/informativoelvalledeaguascalientes.online\/?p=17050"},"modified":"2021-03-08T21:43:31","modified_gmt":"2021-03-09T03:43:31","slug":"gobernador-martin-orozco-anuncia-cambios-en-diferentes-dependencias","status":"publish","type":"post","link":"https:\/\/informativoelvalledeaguascalientes.online\/?p=17050","title":{"rendered":"GOBERNADOR MART\u00cdN OROZCO ANUNCIA CAMBIOS EN DIFERENTES DEPENDENCIAS"},"content":{"rendered":"<p dir=\"ltr\"><strong>#informativoelvalledeaguascalientes , #novaradioaguascalientes<br \/>\n<\/strong><\/p>\n<p>&nbsp;<\/p>\n<ul>\n<li dir=\"ltr\">\n<p dir=\"ltr\">Algunos integrantes del gabinete se retiran para participar en la pr\u00f3xima elecci\u00f3n.<\/p>\n<\/li>\n<li dir=\"ltr\">\n<p dir=\"ltr\">El mandatario estatal realiza ajustes en otras dependencias, siempre con el objetivo de mejorar los programas y mantener elevados est\u00e1ndares de eficiencia.<\/p>\n<\/li>\n<\/ul>\n<p>&nbsp;<\/p>\n<p dir=\"ltr\">El Gobernador del Estado, Mart\u00edn Orozco Sandoval, anunci\u00f3 cambios en su gabinete con el fin de mejorar pol\u00edticas p\u00fablicas encaminadas a fortalecer los proyectos prioritarios de su administraci\u00f3n, adem\u00e1s de algunos movimientos que se presentan ante la solicitud para retirarse del cargo de algunos servidores p\u00fablicos que participar\u00e1n en la pr\u00f3xima contienda electoral.<\/p>\n<p>&nbsp;<\/p>\n<p dir=\"ltr\">De esta manera, para enriquecer las acciones sustantivas durante los \u00faltimos meses de su gesti\u00f3n al frente del Poder Ejecutivo en Aguascalientes, anunci\u00f3 relevos en las secretar\u00edas de Turismo y Desarrollo Social, en donde a partir de ahora asume la titularidad de SEDESO, Humberto Montero de Alba, quien anteriormente fung\u00eda como titular de SECTUR y Patronato de la FNSM; mientras que Marco Aurelio Hern\u00e1ndez P\u00e9rez estar\u00e1 al frente de la SECTUR.<\/p>\n<p>&nbsp;<\/p>\n<p dir=\"ltr\">En el Instituto Cultural de Aguascalientes (ICA) se integrar\u00e1 Carlos Reyes Sahag\u00fan, quien es escritor, cronista de la ciudad, as\u00ed como destacado catedr\u00e1tico del Centro de las Artes y la Cultura de la Benem\u00e9rita Universidad Aut\u00f3noma de Aguascalientes, adem\u00e1s de que fue director de casas de cultura del ICA;\u00a0 mientras que la secretar\u00eda de Gesti\u00f3n Urban\u00edstica, Ordenamiento Territorial, Registral y Catastral (SEGUOT) se har\u00e1 el nombramiento en los pr\u00f3ximos d\u00edas.<\/p>\n<p>&nbsp;<\/p>\n<p dir=\"ltr\">De la misma forma, el ejecutivo estatal coment\u00f3 que han solicitado retirarse de sus encargos el titular de la SOP, Noel Mata Atilano; el Coordinador de Gabinete, Jaime Gonz\u00e1lez de Le\u00f3n; as\u00ed como los directores del INAGUA, Jos\u00e9 de Jes\u00fas Altamira Acosta; del IEA, Ra\u00fal Silva P\u00e9rezchica; Juan Jos\u00e9 Hern\u00e1ndez del ICTEA; Nancy Guti\u00e9rrez del IAM, Nancy Xochitl Mac\u00edas Pacheco del DIF Estatal, as\u00ed como Enrique Franco Mu\u00f1oz del INEPJA.<\/p>\n<p>&nbsp;<\/p>\n<p dir=\"ltr\">Por lo que, Mart\u00edn Orozco Sandoval realiz\u00f3 los nombramientos correspondientes, en estas dependencias de la siguiente manera:<\/p>\n<p>&nbsp;<\/p>\n<p dir=\"ltr\">Coordinaci\u00f3n de Gabinete, Alfredo Rivadeneyra Hern\u00e1ndez, quien fue diputado federal, adem\u00e1s de ocupar cargos en la c\u00e1mara de diputados y el senado de la Rep\u00fablica, as\u00ed como coordinador de la campa\u00f1a del gobernador Mart\u00edn Orozco, rumbo a la gubernatura del estado, actualmente enfocado en temas energ\u00e9ticos dentro de la Iniciativa Privada.<\/p>\n<p>&nbsp;<\/p>\n<p dir=\"ltr\">Secretar\u00eda de Obras P\u00fablicas, Enrique Peralta Plancarte, con experiencia en el sector de la construcci\u00f3n, ha sido secretario de Obras P\u00fablicas del municipio capital, director del centro SCT Aguascalientes y actualmente funcionario de la SOP.<\/p>\n<p>&nbsp;<\/p>\n<p dir=\"ltr\">IEA, Ulises Reyes Esparza, tiene una amplia carrera docente, ha ocupado puestos directivos en el propio Instituto de Educaci\u00f3n en donde actualmente es director de Carrera del Magisterio.<\/p>\n<p>&nbsp;<\/p>\n<p dir=\"ltr\">DIF Estatal, Karla Esparza Lazalde, en este momento es procuradora de la defensa de las ni\u00f1as, ni\u00f1os y adolescentes en el estado, ha sido directora jur\u00eddica en diferentes dependencias del gobierno estatal y municipal.<\/p>\n<p>&nbsp;<\/p>\n<p dir=\"ltr\">ICTEA, Alejandro Mendez Montijo, quien actualmente es director de planeaci\u00f3n del propio instituto, su carrera en el sector p\u00fablico destaca en su participaci\u00f3n dentro de la SEDESO, adem\u00e1s de ser s\u00edndico de Hacienda en el Ayuntamiento de Aguascalientes.<\/p>\n<p>&nbsp;<\/p>\n<p dir=\"ltr\">INEPJA, Manuel Paredes Gonz\u00e1lez, fue director de la academia de polic\u00eda municipal de Aguascalientes, director del IESPA y docente de la UAA.<\/p>\n<p>&nbsp;<\/p>\n<p dir=\"ltr\">IAM, Edna Garc\u00eda Armer\u00eda ejerce como directora jur\u00eddica del propio instituto,\u00a0 adem\u00e1s de que ha sido abogada litigante, con estudios especialmente en el ramo de derechos humanos y el derecho constitucional.<\/p>\n","protected":false},"excerpt":{"rendered":"<p>#informativoelvalledeaguascalientes , #novaradioaguascalientes &nbsp; Algunos integrantes del gabinete se retiran para participar en la pr\u00f3xima elecci\u00f3n. El mandatario estatal realiza ajustes en otras dependencias, siempre con el objetivo de mejorar los programas y mantener elevados est\u00e1ndares de eficiencia. &nbsp; El Gobernador del Estado, Mart\u00edn Orozco Sandoval, anunci\u00f3 cambios en su gabinete con el fin de [&hellip;]<\/p>\n","protected":false},"author":1,"featured_media":17051,"comment_status":"closed","ping_status":"open","sticky":false,"template":"","format":"standard","meta":{"advanced_seo_description":"","jetpack_seo_html_title":"","jetpack_seo_noindex":false,"_jetpack_memberships_contains_paid_content":false,"footnotes":"","jetpack_publicize_message":"","jetpack_publicize_feature_enabled":true,"jetpack_social_post_already_shared":true,"jetpack_social_options":{"image_generator_settings":{"template":"highway","default_image_id":0,"font":"","enabled":false},"version":2}},"categories":[21,4],"tags":[52,39,31,34,26],"class_list":["post-17050","post","type-post","status-publish","format-standard","has-post-thumbnail","hentry","category-aguascalientes","category-gobierno-del-estado-aguascalientes","tag-ica","tag-iea","tag-mos","tag-sectur","tag-seguot"],"jetpack_publicize_connections":[],"jetpack_featured_media_url":"https:\/\/i0.wp.com\/informativoelvalledeaguascalientes.online\/wp-content\/uploads\/2021\/03\/mos.jpg?fit=2000%2C1600&ssl=1","jetpack-related-posts":[],"jetpack_sharing_enabled":true,"jetpack_likes_enabled":true,"_links":{"self":[{"href":"https:\/\/informativoelvalledeaguascalientes.online\/index.php?rest_route=\/wp\/v2\/posts\/17050","targetHints":{"allow":["GET"]}}],"collection":[{"href":"https:\/\/informativoelvalledeaguascalientes.online\/index.php?rest_route=\/wp\/v2\/posts"}],"about":[{"href":"https:\/\/informativoelvalledeaguascalientes.online\/index.php?rest_route=\/wp\/v2\/types\/post"}],"author":[{"embeddable":true,"href":"https:\/\/informativoelvalledeaguascalientes.online\/index.php?rest_route=\/wp\/v2\/users\/1"}],"replies":[{"embeddable":true,"href":"https:\/\/informativoelvalledeaguascalientes.online\/index.php?rest_route=%2Fwp%2Fv2%2Fcomments&post=17050"}],"version-history":[{"count":1,"href":"https:\/\/informativoelvalledeaguascalientes.online\/index.php?rest_route=\/wp\/v2\/posts\/17050\/revisions"}],"predecessor-version":[{"id":17052,"href":"https:\/\/informativoelvalledeaguascalientes.online\/index.php?rest_route=\/wp\/v2\/posts\/17050\/revisions\/17052"}],"wp:featuredmedia":[{"embeddable":true,"href":"https:\/\/informativoelvalledeaguascalientes.online\/index.php?rest_route=\/wp\/v2\/media\/17051"}],"wp:attachment":[{"href":"https:\/\/informativoelvalledeaguascalientes.online\/index.php?rest_route=%2Fwp%2Fv2%2Fmedia&parent=17050"}],"wp:term":[{"taxonomy":"category","embeddable":true,"href":"https:\/\/informativoelvalledeaguascalientes.online\/index.php?rest_route=%2Fwp%2Fv2%2Fcategories&post=17050"},{"taxonomy":"post_tag","embeddable":true,"href":"https:\/\/informativoelvalledeaguascalientes.online\/index.php?rest_route=%2Fwp%2Fv2%2Ftags&post=17050"}],"curies":[{"name":"wp","href":"https:\/\/api.w.org\/{rel}","templated":true}]}}