{"id":16977,"date":"2021-03-05T20:40:13","date_gmt":"2021-03-06T02:40:13","guid":{"rendered":"https:\/\/informativoelvalledeaguascalientes.online\/?p=16977"},"modified":"2021-03-05T20:40:13","modified_gmt":"2021-03-06T02:40:13","slug":"michel-jourdain-jr-campeon-de-la-copa-mercedes-benz-fue-invitado-al-gran-premio-venoco-de-costa-rica","status":"publish","type":"post","link":"https:\/\/informativoelvalledeaguascalientes.online\/?p=16977","title":{"rendered":"MICHEL JOURDAIN JR. CAMPEON DE LA COPA MERCEDES BENZ, FUE INVITADO AL GRAN PREMIO VENOCO DE COSTA RICA"},"content":{"rendered":"<p>#informativoelvalledeaguascalientes\u00a0 #novaradioaguascalientes<\/p>\n<p style=\"font-weight: 400;\">Michel Jourdain Jr. fue invitado por Eduardo Aguilar uno de los organizadores del GT Challenge de las Am\u00e9ricas, para participar en esta carrera que se correr\u00e1 en Costa Rica el 20 de marzo.<\/p>\n<p style=\"font-weight: 400;\">\n<p style=\"font-weight: 400;\">El piloto mexicano representar\u00e1 a nuestro pa\u00eds como campe\u00f3n de la Mercedes Benz de S\u00faper Copa y dijo estar muy entusiasmado por su participaci\u00f3n en esta carrera.<\/p>\n<p style=\"font-weight: 400;\">\n<p style=\"font-weight: 400;\">Es una competencia donde se invita a destacados pilotos como por ejemplo el ex F1, Ricardo Zonta de Brasil, que particip\u00f3 el a\u00f1o pasado.<\/p>\n<p style=\"font-weight: 400;\">\n<p style=\"font-weight: 400;\">Michel har\u00e1 dueto con el poblano Ir\u00e1n S\u00e1nchez, quien ya anunci\u00f3 su participaci\u00f3n en la Copa Mercedes-Benz de este a\u00f1o y ser\u00e1n la dupla que representen a M\u00e9xico en esta competencia internacional.<\/p>\n<p style=\"font-weight: 400;\">\n<p style=\"font-weight: 400;\">Despu\u00e9s de una exitosa primera temporada que reuni\u00f3 a los veh\u00edculos m\u00e1s veloces de la regi\u00f3n, los pilotos m\u00e1s experimentados y la visita a 3 pa\u00edses, los organizadores del GT Challenge de las Am\u00e9ricas anuncian que el 20 de marzo dar\u00e1n la bandera de salida a la segunda temporada del campeonato.<\/p>\n<p style=\"font-weight: 400;\">\n<p style=\"font-weight: 400;\">Costa Rica ser\u00e1 la sede inicial del torneo bajo el prestigioso nombre: Gran Premio VENOCO Costa Rica. Posteriormente se est\u00e1 planificando el desarrollo de 3 fechas adicionales en Panam\u00e1, Guatemala y El Salvador.<\/p>\n<p style=\"font-weight: 400;\">\n<p style=\"font-weight: 400;\">\u201cLuego del apoyo que hemos tenido del p\u00fablico y los pilotos y el \u00e9xito que obtuvimos en la primera edici\u00f3n, queremos darle continuidad a este proyecto, que despu\u00e9s de 10 a\u00f1os reunimos en un gran espect\u00e1culo a m\u00e1s de 15 veh\u00edculos\u201d mencion\u00f3 Eduardo Aguilar, que forma parte del comit\u00e9 organizador del GT Challenge de las Am\u00e9ricas.<\/p>\n<p style=\"font-weight: 400;\">\n<p style=\"font-weight: 400;\">\u201cHace dos semanas se abri\u00f3 la convocatoria para los pilotos interesados, se invit\u00f3 a los que ya vivieron la experiencia y a los que tienen veh\u00edculos activos, para apuntarse en esta nueva temporada, estamos trabajando para que el campeonato sea cada vez mejor y tengamos automovilismo en la regi\u00f3n por muchos a\u00f1os m\u00e1s\u201d, dijo Carlos Zaid, co organizador y actual campe\u00f3n del GT Challenge de las Am\u00e9ricas.<\/p>\n<p style=\"font-weight: 400;\">\n<p style=\"font-weight: 400;\">La organizaci\u00f3n adem\u00e1s defini\u00f3 que el campeonato \u00fanicamente podr\u00e1 desarrollarse bajo 2 formatos: Endurance de 1 hora con parada obligatoria en pits o 2 heats de 40 minutos cada uno.<\/p>\n<p style=\"font-weight: 400;\">El pa\u00eds sede puede elegir entre esos dos formatos cu\u00e1l se acopla mejor a sus condiciones.<\/p>\n<p style=\"font-weight: 400;\">Gran Premio<strong>\u00a0VENOCO Costa Rica<\/strong><\/p>\n<p style=\"font-weight: 400;\">\n<p style=\"font-weight: 400;\">El s\u00e1bado 20 de marzo se realizar\u00e1 a las 2 p.m. la primera fecha del GT Challenge que adem\u00e1s de las categor\u00edas GTS, GT1 y CTCC, se sumar\u00e1 la Pro Racing League. El GT Challenge correr\u00e1 en formato endurance con una carrera de una hora y 30 minutos con parada obligatoria en pits.<\/p>\n<p style=\"font-weight: 400;\">La carrera ser\u00e1 transmitida por televisi\u00f3n abierta en Canal 8 y a trav\u00e9s de sus redes sociales y las del GT Challenge.<\/p>\n<p style=\"font-weight: 400;\">Debido a las condiciones sanitarias por el COVID 19 el evento no podr\u00e1 contar con p\u00fablico.<\/p>\n","protected":false},"excerpt":{"rendered":"<p>#informativoelvalledeaguascalientes\u00a0 #novaradioaguascalientes Michel Jourdain Jr. fue invitado por Eduardo Aguilar uno de los organizadores del GT Challenge de las Am\u00e9ricas, para participar en esta carrera que se correr\u00e1 en Costa Rica el 20 de marzo. El piloto mexicano representar\u00e1 a nuestro pa\u00eds como campe\u00f3n de la Mercedes Benz de S\u00faper Copa y dijo estar muy [&hellip;]<\/p>\n","protected":false},"author":1,"featured_media":16978,"comment_status":"closed","ping_status":"open","sticky":false,"template":"","format":"standard","meta":{"advanced_seo_description":"","jetpack_seo_html_title":"","jetpack_seo_noindex":false,"_jetpack_memberships_contains_paid_content":false,"footnotes":"","jetpack_publicize_message":"","jetpack_publicize_feature_enabled":true,"jetpack_social_post_already_shared":true,"jetpack_social_options":{"image_generator_settings":{"template":"highway","default_image_id":0,"font":"","enabled":false},"version":2}},"categories":[19],"tags":[232,125],"class_list":["post-16977","post","type-post","status-publish","format-standard","has-post-thumbnail","hentry","category-informacion-general","tag-informacion-general","tag-super-copa"],"jetpack_publicize_connections":[],"jetpack_featured_media_url":"https:\/\/i0.wp.com\/informativoelvalledeaguascalientes.online\/wp-content\/uploads\/2021\/03\/MICHEL-JOURDAIN-3.jpg?fit=2250%2C1500&ssl=1","jetpack-related-posts":[],"jetpack_sharing_enabled":true,"jetpack_likes_enabled":true,"_links":{"self":[{"href":"https:\/\/informativoelvalledeaguascalientes.online\/index.php?rest_route=\/wp\/v2\/posts\/16977","targetHints":{"allow":["GET"]}}],"collection":[{"href":"https:\/\/informativoelvalledeaguascalientes.online\/index.php?rest_route=\/wp\/v2\/posts"}],"about":[{"href":"https:\/\/informativoelvalledeaguascalientes.online\/index.php?rest_route=\/wp\/v2\/types\/post"}],"author":[{"embeddable":true,"href":"https:\/\/informativoelvalledeaguascalientes.online\/index.php?rest_route=\/wp\/v2\/users\/1"}],"replies":[{"embeddable":true,"href":"https:\/\/informativoelvalledeaguascalientes.online\/index.php?rest_route=%2Fwp%2Fv2%2Fcomments&post=16977"}],"version-history":[{"count":1,"href":"https:\/\/informativoelvalledeaguascalientes.online\/index.php?rest_route=\/wp\/v2\/posts\/16977\/revisions"}],"predecessor-version":[{"id":16979,"href":"https:\/\/informativoelvalledeaguascalientes.online\/index.php?rest_route=\/wp\/v2\/posts\/16977\/revisions\/16979"}],"wp:featuredmedia":[{"embeddable":true,"href":"https:\/\/informativoelvalledeaguascalientes.online\/index.php?rest_route=\/wp\/v2\/media\/16978"}],"wp:attachment":[{"href":"https:\/\/informativoelvalledeaguascalientes.online\/index.php?rest_route=%2Fwp%2Fv2%2Fmedia&parent=16977"}],"wp:term":[{"taxonomy":"category","embeddable":true,"href":"https:\/\/informativoelvalledeaguascalientes.online\/index.php?rest_route=%2Fwp%2Fv2%2Fcategories&post=16977"},{"taxonomy":"post_tag","embeddable":true,"href":"https:\/\/informativoelvalledeaguascalientes.online\/index.php?rest_route=%2Fwp%2Fv2%2Ftags&post=16977"}],"curies":[{"name":"wp","href":"https:\/\/api.w.org\/{rel}","templated":true}]}}