{"id":16958,"date":"2021-03-04T20:14:39","date_gmt":"2021-03-05T02:14:39","guid":{"rendered":"https:\/\/informativoelvalledeaguascalientes.online\/?p=16958"},"modified":"2021-03-04T20:14:39","modified_gmt":"2021-03-05T02:14:39","slug":"llaman-autoridades-estatales-y-alcaldes-a-la-poblacion-a-mantener-las-medidas-sanitarias-seggob","status":"publish","type":"post","link":"https:\/\/informativoelvalledeaguascalientes.online\/?p=16958","title":{"rendered":"LLAMAN AUTORIDADES ESTATALES Y ALCALDES A LA POBLACI\u00d3N A MANTENER LAS MEDIDAS SANITARIAS: SEGGOB"},"content":{"rendered":"<p style=\"font-weight: 400;\"><strong> #informativoelvalledeaguascalientes\u00a0 #novaradioaguascalientes<\/strong><\/p>\n<ul>\n<li style=\"font-weight: 400;\"><strong><em>Solicitan evitar la movilidad social y no relajarse en el uso de cubrebocas, lavado de manos y distancia m\u00ednima de metro y medio<\/em><\/strong><\/li>\n<li style=\"font-weight: 400;\"><strong><em>Gobierno del Estado y Ayuntamientos analizan continuar con horario hasta las 23:59 horas y aforo reducido en negocios no esenciales<\/em><\/strong><\/li>\n<\/ul>\n<p style=\"font-weight: 400;\"><strong><em>\u00a0<\/em><\/strong><strong><em>\u00a0<\/em><\/strong><\/p>\n<p style=\"font-weight: 400;\">Durante la reuni\u00f3n semanal que sostuvo el secretario general de Gobierno, Juan Manuel Flores Femat, con alcaldes y representantes de los municipios, se hizo un llamado conjunto a la poblaci\u00f3n para que mantengan las medidas sanitarias para el combate contra el COVID-19, y que eviten la movilidad social, toda vez que se ha notado un relajamiento tras el arranque de la vacunaci\u00f3n contra el coronavirus.<\/p>\n<p style=\"font-weight: 400;\">\n<p style=\"font-weight: 400;\">De manera un\u00e1nime acordaron que continuar\u00e1n fomentando el uso de cubrebocas, de gel antibacterial, el lavado de manos y la distancia m\u00ednima de un metro y medio entre las personas, ya que a pesar de que ha comenzado a aplicarse el biol\u00f3gico en el sector m\u00e1s vulnerable por edad, y de que hubo una disminuci\u00f3n en la ocupaci\u00f3n hospitalaria en camas y ventiladores, a\u00fan falta tiempo para vencer la pandemia.<\/p>\n<p style=\"font-weight: 400;\">\n<p style=\"font-weight: 400;\">Flores Femat se\u00f1al\u00f3 que alcaldes y representantes de los Ayuntamientos solicitaron a la administraci\u00f3n estatal analizar si es posible continuar con las medidas del grado 3 establecidas en el \u00cdndice Estatal Covid (IEC), a pesar de que en el \u00e1mbito nacional la entidad se coloca en color amarillo, a fin de mantener el equilibrio para cuidar la salud y la econom\u00eda; por lo anterior, se contemplar\u00eda seguir con el cierre a las 23:59 horas y el aforo reducido al 50 por ciento en negocios de giros reglamentados.<\/p>\n<p style=\"font-weight: 400;\">\n<p style=\"font-weight: 400;\">Luego de conocer las cifras m\u00e1s recientes sobre el comportamiento de la pandemia en el estado, as\u00ed como las de ocupaci\u00f3n hospitalaria y nuevos casos por parte de la directora de Control y Prevenci\u00f3n de Enfermedades del Instituto de Servicios de Salud del Estado (ISSEA), Mar\u00eda Eugenia Velasco Mar\u00edn, tanto autoridades estatales como municipales, exhortan a la poblaci\u00f3n a seguirse cuidando y no bajar la guardia para transitar de manera m\u00e1s r\u00e1pida y segura hacia el verde en el sem\u00e1foro de salud.<\/p>\n<p style=\"font-weight: 400;\">\n","protected":false},"excerpt":{"rendered":"<p>#informativoelvalledeaguascalientes\u00a0 #novaradioaguascalientes Solicitan evitar la movilidad social y no relajarse en el uso de cubrebocas, lavado de manos y distancia m\u00ednima de metro y medio Gobierno del Estado y Ayuntamientos analizan continuar con horario hasta las 23:59 horas y aforo reducido en negocios no esenciales \u00a0\u00a0 Durante la reuni\u00f3n semanal que sostuvo el secretario general [&hellip;]<\/p>\n","protected":false},"author":1,"featured_media":16959,"comment_status":"closed","ping_status":"open","sticky":false,"template":"","format":"standard","meta":{"advanced_seo_description":"","jetpack_seo_html_title":"","jetpack_seo_noindex":false,"_jetpack_memberships_contains_paid_content":false,"footnotes":"","jetpack_publicize_message":"","jetpack_publicize_feature_enabled":true,"jetpack_social_post_already_shared":true,"jetpack_social_options":{"image_generator_settings":{"template":"highway","default_image_id":0,"font":"","enabled":false},"version":2}},"categories":[21,4],"tags":[22,51],"class_list":["post-16958","post","type-post","status-publish","format-standard","has-post-thumbnail","hentry","category-aguascalientes","category-gobierno-del-estado-aguascalientes","tag-aguascalientes","tag-seggob"],"jetpack_publicize_connections":[],"jetpack_featured_media_url":"https:\/\/i0.wp.com\/informativoelvalledeaguascalientes.online\/wp-content\/uploads\/2021\/03\/seggob_04032021.jpg?fit=1120%2C625&ssl=1","jetpack-related-posts":[],"jetpack_sharing_enabled":true,"jetpack_likes_enabled":true,"_links":{"self":[{"href":"https:\/\/informativoelvalledeaguascalientes.online\/index.php?rest_route=\/wp\/v2\/posts\/16958","targetHints":{"allow":["GET"]}}],"collection":[{"href":"https:\/\/informativoelvalledeaguascalientes.online\/index.php?rest_route=\/wp\/v2\/posts"}],"about":[{"href":"https:\/\/informativoelvalledeaguascalientes.online\/index.php?rest_route=\/wp\/v2\/types\/post"}],"author":[{"embeddable":true,"href":"https:\/\/informativoelvalledeaguascalientes.online\/index.php?rest_route=\/wp\/v2\/users\/1"}],"replies":[{"embeddable":true,"href":"https:\/\/informativoelvalledeaguascalientes.online\/index.php?rest_route=%2Fwp%2Fv2%2Fcomments&post=16958"}],"version-history":[{"count":1,"href":"https:\/\/informativoelvalledeaguascalientes.online\/index.php?rest_route=\/wp\/v2\/posts\/16958\/revisions"}],"predecessor-version":[{"id":16960,"href":"https:\/\/informativoelvalledeaguascalientes.online\/index.php?rest_route=\/wp\/v2\/posts\/16958\/revisions\/16960"}],"wp:featuredmedia":[{"embeddable":true,"href":"https:\/\/informativoelvalledeaguascalientes.online\/index.php?rest_route=\/wp\/v2\/media\/16959"}],"wp:attachment":[{"href":"https:\/\/informativoelvalledeaguascalientes.online\/index.php?rest_route=%2Fwp%2Fv2%2Fmedia&parent=16958"}],"wp:term":[{"taxonomy":"category","embeddable":true,"href":"https:\/\/informativoelvalledeaguascalientes.online\/index.php?rest_route=%2Fwp%2Fv2%2Fcategories&post=16958"},{"taxonomy":"post_tag","embeddable":true,"href":"https:\/\/informativoelvalledeaguascalientes.online\/index.php?rest_route=%2Fwp%2Fv2%2Ftags&post=16958"}],"curies":[{"name":"wp","href":"https:\/\/api.w.org\/{rel}","templated":true}]}}