{"id":16895,"date":"2021-03-03T17:53:15","date_gmt":"2021-03-03T23:53:15","guid":{"rendered":"https:\/\/informativoelvalledeaguascalientes.online\/?p=16895"},"modified":"2021-03-03T17:53:15","modified_gmt":"2021-03-03T23:53:15","slug":"iam-presenta-programa-de-actividades-para-el-8-de-marzo","status":"publish","type":"post","link":"https:\/\/informativoelvalledeaguascalientes.online\/?p=16895","title":{"rendered":"IAM PRESENTA PROGRAMA DE ACTIVIDADES PARA EL 8 DE MARZO"},"content":{"rendered":"<p>#informativoelvalledeaguascalientes #novaradioaguascalientes<\/p>\n<ul>\n<li dir=\"ltr\">\n<p dir=\"ltr\">Se realizar\u00e1 una charla y un foro de manera virtual a trav\u00e9s del Canal 26.1 de RyTA y de las redes sociales de la dependencia<\/p>\n<\/li>\n<li dir=\"ltr\">\n<p dir=\"ltr\">En el programa Mujeres se abordar\u00e1 el tema de apoyos y subsidios que Gobierno del Estado tiene para las mujeres<\/p>\n<\/li>\n<\/ul>\n<p>&nbsp;<\/p>\n<p dir=\"ltr\">Con el objetivo de conmemorar el D\u00eda Internacional de las Mujeres el pr\u00f3ximo 8 de Marzo y atendiendo las indicaciones sanitarias emitidas por Gobierno del Estado, el Instituto Aguascalentense de las Mujeres (IAM) realiza un programa virtual de actividades que ser\u00e1n transmitidas a trav\u00e9s de Radio y Televisi\u00f3n de Aguascalientes (RyTA) y redes sociales.<\/p>\n<p dir=\"ltr\">Nancy Guti\u00e9rrez Ruvalcaba, titular del IAM, mencion\u00f3 que el 8 de Marzo es una fecha que no debe pasar desapercibida, sin importar los factores externos que se presenten y, sobre todo, cuidando la salud de la poblaci\u00f3n, por lo que hace una extensa invitaci\u00f3n a participar en las actividades propuestas por el instituto, pues -dijo- es una forma de sumarse a la conmemoraci\u00f3n del d\u00eda.<\/p>\n<p dir=\"ltr\">Explic\u00f3 que la primera actividad comenzar\u00e1 a las 09:30 en el programa Mujeres, transmitido a trav\u00e9s de RyTA, en el canal 26.1 de televisi\u00f3n abierta, en el que se hablar\u00e1 sobre los programas, apoyos y proyectos que ofrecen las Secretar\u00edas de Desarrollo Rural y Agroempresarial y de Desarrollo Econ\u00f3mico en beneficio de las mujeres.<\/p>\n<p dir=\"ltr\">M\u00e1s tarde, a las 17:00 horas, a trav\u00e9s de la p\u00e1gina oficial de Facebook del IAM, se transmitir\u00e1 una charla acerca de la importancia que tiene la conmemoraci\u00f3n del 8 de Marzo, en la que participar\u00e1n Estefan\u00eda Vela, investigadora, docente y activista en torno a la igualdad junto y Dahlia de la Cerda, co-directora de Morras Help Morras.<\/p>\n<p dir=\"ltr\">Finalmente, a trav\u00e9s del canal 21.6, se transmitir\u00e1 el foro El empoderamiento de las mujeres, somos fuego, somos fuerza, a cargo de Emmanuel Vel\u00e1zquez y Eugenia Sol\u00eds, capacitadores del IAM, se\u00f1al\u00f3.<\/p>\n","protected":false},"excerpt":{"rendered":"<p>#informativoelvalledeaguascalientes #novaradioaguascalientes Se realizar\u00e1 una charla y un foro de manera virtual a trav\u00e9s del Canal 26.1 de RyTA y de las redes sociales de la dependencia En el programa Mujeres se abordar\u00e1 el tema de apoyos y subsidios que Gobierno del Estado tiene para las mujeres &nbsp; Con el objetivo de conmemorar el D\u00eda [&hellip;]<\/p>\n","protected":false},"author":1,"featured_media":16896,"comment_status":"closed","ping_status":"open","sticky":false,"template":"","format":"standard","meta":{"advanced_seo_description":"","jetpack_seo_html_title":"","jetpack_seo_noindex":false,"_jetpack_memberships_contains_paid_content":false,"footnotes":"","jetpack_publicize_message":"","jetpack_publicize_feature_enabled":true,"jetpack_social_post_already_shared":true,"jetpack_social_options":{"image_generator_settings":{"template":"highway","default_image_id":0,"font":"","enabled":false},"version":2}},"categories":[21,4],"tags":[22,57],"class_list":["post-16895","post","type-post","status-publish","format-standard","has-post-thumbnail","hentry","category-aguascalientes","category-gobierno-del-estado-aguascalientes","tag-aguascalientes","tag-iam"],"jetpack_publicize_connections":[],"jetpack_featured_media_url":"https:\/\/i0.wp.com\/informativoelvalledeaguascalientes.online\/wp-content\/uploads\/2021\/03\/iam_03032021.jpg?fit=839%2C1280&ssl=1","jetpack-related-posts":[],"jetpack_sharing_enabled":true,"jetpack_likes_enabled":true,"_links":{"self":[{"href":"https:\/\/informativoelvalledeaguascalientes.online\/index.php?rest_route=\/wp\/v2\/posts\/16895","targetHints":{"allow":["GET"]}}],"collection":[{"href":"https:\/\/informativoelvalledeaguascalientes.online\/index.php?rest_route=\/wp\/v2\/posts"}],"about":[{"href":"https:\/\/informativoelvalledeaguascalientes.online\/index.php?rest_route=\/wp\/v2\/types\/post"}],"author":[{"embeddable":true,"href":"https:\/\/informativoelvalledeaguascalientes.online\/index.php?rest_route=\/wp\/v2\/users\/1"}],"replies":[{"embeddable":true,"href":"https:\/\/informativoelvalledeaguascalientes.online\/index.php?rest_route=%2Fwp%2Fv2%2Fcomments&post=16895"}],"version-history":[{"count":1,"href":"https:\/\/informativoelvalledeaguascalientes.online\/index.php?rest_route=\/wp\/v2\/posts\/16895\/revisions"}],"predecessor-version":[{"id":16897,"href":"https:\/\/informativoelvalledeaguascalientes.online\/index.php?rest_route=\/wp\/v2\/posts\/16895\/revisions\/16897"}],"wp:featuredmedia":[{"embeddable":true,"href":"https:\/\/informativoelvalledeaguascalientes.online\/index.php?rest_route=\/wp\/v2\/media\/16896"}],"wp:attachment":[{"href":"https:\/\/informativoelvalledeaguascalientes.online\/index.php?rest_route=%2Fwp%2Fv2%2Fmedia&parent=16895"}],"wp:term":[{"taxonomy":"category","embeddable":true,"href":"https:\/\/informativoelvalledeaguascalientes.online\/index.php?rest_route=%2Fwp%2Fv2%2Fcategories&post=16895"},{"taxonomy":"post_tag","embeddable":true,"href":"https:\/\/informativoelvalledeaguascalientes.online\/index.php?rest_route=%2Fwp%2Fv2%2Ftags&post=16895"}],"curies":[{"name":"wp","href":"https:\/\/api.w.org\/{rel}","templated":true}]}}