{"id":16886,"date":"2021-03-02T19:59:36","date_gmt":"2021-03-03T01:59:36","guid":{"rendered":"https:\/\/informativoelvalledeaguascalientes.online\/?p=16886"},"modified":"2021-03-02T19:59:36","modified_gmt":"2021-03-03T01:59:36","slug":"congreso-del-estado-de-ags-instalo-su-segundo-periodo-ordinario-de-sesiones","status":"publish","type":"post","link":"https:\/\/informativoelvalledeaguascalientes.online\/?p=16886","title":{"rendered":"CONGRESO DEL ESTADO DE AGS. INSTAL\u00d3 SU SEGUNDO PER\u00cdODO ORDINARIO DE SESIONES"},"content":{"rendered":"<p>#informativoelvalledeaguascalientes\u00a0 #novaradioaguascalientes<\/p>\n<ul>\n<li><em>El presidente de la nueva mesa directiva, legislador Jorge Saucedo, convoc\u00f3 al Pleno a la primera asamblea ordinaria el jueves 04 de marzo, a las 10:00 horas.<\/em><\/li>\n<li><em>Tambi\u00e9n la integran las diputadas Natzielly Rodr\u00edguez, Paloma Am\u00e9zquita, Elsa Land\u00edn y el legislador Salvador P\u00e9rez, como vicepresidenta, primera secretaria, segunda secretaria y prosecretario, en ese orden.<\/em><\/li>\n<li><em>Durante el desarrollo de la sesi\u00f3n solemne de apertura, el diputado Jos\u00e9 Manuel Velasco Serna fungi\u00f3 como orador oficial.<\/em><\/li>\n<\/ul>\n<p>&nbsp;<\/p>\n<p>La LXIV Legislatura del H. Congreso del Estado de Aguascalientes, inici\u00f3 este lunes su segundo periodo ordinario de sesiones, correspondiente al tercer a\u00f1o de ejercicio constitucional, con una asamblea de car\u00e1cter solemne y ante la presencia de las representaciones de los Poderes Ejecutivo y Judicial, en el Recinto Oficial Soberana Convenci\u00f3n Revolucionaria de Aguascalientes.<\/p>\n<p>&nbsp;<\/p>\n<p>Momentos antes, en sesi\u00f3n previa, el Pleno elegi\u00f3 a la mesa directiva que conducir\u00e1 los trabajos, conformada por las y los siguientes diputados: Jorge Saucedo Gayt\u00e1n, presidente; Natzielly Rodr\u00edguez Calzada, vicepresidenta; Paloma Am\u00e9zquita Carre\u00f3n, Elsa Land\u00edn Olivares y Salvador P\u00e9rez S\u00e1nchez, en los cargos de primera secretaria, segunda secretaria y prosecretario, en ese orden.<\/p>\n<p>&nbsp;<\/p>\n<p>Tras rendir la protesta de ley y asumir funciones, Saucedo Gayt\u00e1n, cedi\u00f3 el uso de la voz a su hom\u00f3logo Jos\u00e9 Manuel Velasco Serna, quien emiti\u00f3 el mensaje official de esta sesi\u00f3n solemne.<\/p>\n<p>&nbsp;<\/p>\n<p>En su intervenci\u00f3n, el diputado Jos\u00e9 Manuel Velasco resalt\u00f3 el trabajo consensuado y arduo de sus compa\u00f1eras y compa\u00f1eros, que ante las adversidades originadas por la pandemia, se lograron importantes acuerdos en beneficio de la sociedad.<\/p>\n<p>&nbsp;<\/p>\n<p>Al proseguir con su mensaje, el representante popular enfatiz\u00f3 que en el reciente periodo extraordinario, sacaron adelante reformas de gran trascendencia para la entidad, como la protecci\u00f3n de la vida desde la concepci\u00f3n, adem\u00e1s de la creaci\u00f3n de la Secretar\u00eda Estatal de la Familia, entre otras.<\/p>\n<p>&nbsp;<\/p>\n<p>Por ello, Velasco Serna refrend\u00f3 el compromiso de la LXIV Legislatura de continuar en el camino del di\u00e1logo, el enetendimiento y el respeto a la pluralidad, siempre anteponiendo el inter\u00e9s colectivo, por encima del individual.<\/p>\n<p>&nbsp;<\/p>\n<p>Acto seguido, el presidente de la mesa directiva, diputado Jorge Saucedo Gayt\u00e1n, encabez\u00f3 la ceremonia de entonaci\u00f3n de los Himnos Nacional y del Estado de Aguascalientes, para en seguida clausurar la sesi\u00f3n solemne y al mismo tiempo convocar al Pleno a la primera asamblea ordinaria el jueves 04 de marzo, a las 10:00 horas, en el Recinto Oficial Soberana Convenci\u00f3n Revolucionaria de Aguascalientes.<\/p>\n","protected":false},"excerpt":{"rendered":"<p>#informativoelvalledeaguascalientes\u00a0 #novaradioaguascalientes El presidente de la nueva mesa directiva, legislador Jorge Saucedo, convoc\u00f3 al Pleno a la primera asamblea ordinaria el jueves 04 de marzo, a las 10:00 horas. Tambi\u00e9n la integran las diputadas Natzielly Rodr\u00edguez, Paloma Am\u00e9zquita, Elsa Land\u00edn y el legislador Salvador P\u00e9rez, como vicepresidenta, primera secretaria, segunda secretaria y prosecretario, en ese [&hellip;]<\/p>\n","protected":false},"author":1,"featured_media":16887,"comment_status":"closed","ping_status":"open","sticky":false,"template":"","format":"standard","meta":{"advanced_seo_description":"","jetpack_seo_html_title":"","jetpack_seo_noindex":false,"_jetpack_memberships_contains_paid_content":false,"footnotes":"","jetpack_publicize_message":"","jetpack_publicize_feature_enabled":true,"jetpack_social_post_already_shared":true,"jetpack_social_options":{"image_generator_settings":{"template":"highway","default_image_id":0,"font":"","enabled":false},"version":2}},"categories":[21,5],"tags":[22,44],"class_list":["post-16886","post","type-post","status-publish","format-standard","has-post-thumbnail","hentry","category-aguascalientes","category-h-congreso-del-estado-aguascalientes","tag-aguascalientes","tag-lxiv-legislatura-aguascalientes"],"jetpack_publicize_connections":[],"jetpack_featured_media_url":"https:\/\/i0.wp.com\/informativoelvalledeaguascalientes.online\/wp-content\/uploads\/2021\/03\/HCE_AGS_02032021.jpg?fit=937%2C625&ssl=1","jetpack-related-posts":[],"jetpack_sharing_enabled":true,"jetpack_likes_enabled":true,"_links":{"self":[{"href":"https:\/\/informativoelvalledeaguascalientes.online\/index.php?rest_route=\/wp\/v2\/posts\/16886","targetHints":{"allow":["GET"]}}],"collection":[{"href":"https:\/\/informativoelvalledeaguascalientes.online\/index.php?rest_route=\/wp\/v2\/posts"}],"about":[{"href":"https:\/\/informativoelvalledeaguascalientes.online\/index.php?rest_route=\/wp\/v2\/types\/post"}],"author":[{"embeddable":true,"href":"https:\/\/informativoelvalledeaguascalientes.online\/index.php?rest_route=\/wp\/v2\/users\/1"}],"replies":[{"embeddable":true,"href":"https:\/\/informativoelvalledeaguascalientes.online\/index.php?rest_route=%2Fwp%2Fv2%2Fcomments&post=16886"}],"version-history":[{"count":1,"href":"https:\/\/informativoelvalledeaguascalientes.online\/index.php?rest_route=\/wp\/v2\/posts\/16886\/revisions"}],"predecessor-version":[{"id":16888,"href":"https:\/\/informativoelvalledeaguascalientes.online\/index.php?rest_route=\/wp\/v2\/posts\/16886\/revisions\/16888"}],"wp:featuredmedia":[{"embeddable":true,"href":"https:\/\/informativoelvalledeaguascalientes.online\/index.php?rest_route=\/wp\/v2\/media\/16887"}],"wp:attachment":[{"href":"https:\/\/informativoelvalledeaguascalientes.online\/index.php?rest_route=%2Fwp%2Fv2%2Fmedia&parent=16886"}],"wp:term":[{"taxonomy":"category","embeddable":true,"href":"https:\/\/informativoelvalledeaguascalientes.online\/index.php?rest_route=%2Fwp%2Fv2%2Fcategories&post=16886"},{"taxonomy":"post_tag","embeddable":true,"href":"https:\/\/informativoelvalledeaguascalientes.online\/index.php?rest_route=%2Fwp%2Fv2%2Ftags&post=16886"}],"curies":[{"name":"wp","href":"https:\/\/api.w.org\/{rel}","templated":true}]}}