{"id":16867,"date":"2021-03-02T16:16:32","date_gmt":"2021-03-02T22:16:32","guid":{"rendered":"https:\/\/informativoelvalledeaguascalientes.online\/?p=16867"},"modified":"2021-03-02T16:16:32","modified_gmt":"2021-03-02T22:16:32","slug":"se-integran-alumnos-de-la-utna-al-colegio-de-contadores-publicos-de-aguascalientes","status":"publish","type":"post","link":"https:\/\/informativoelvalledeaguascalientes.online\/?p=16867","title":{"rendered":"SE INTEGRAN ALUMNOS DE LA UTNA AL COLEGIO DE CONTADORES P\u00daBLICOS DE AGUASCALIENTES"},"content":{"rendered":"<div id=\":1f4\" class=\"ii gt\">\n<div id=\":1f3\" class=\"a3s aiL \">\n<div dir=\"ltr\">\n<p dir=\"ltr\"><strong>#informativoelvalledeaguascalientes , #novaradioaguascalientes<br \/>\n<\/strong><\/p>\n<ul>\n<li dir=\"ltr\">\n<p dir=\"ltr\">Los estudiantes se integran a la Comisi\u00f3n de Finanzas de la Secci\u00f3n Estudiantil en los puestos de presidenta y secretario<\/p>\n<\/li>\n<li dir=\"ltr\">\n<p dir=\"ltr\">El organismo ofrece a los universitarios el intercambio de conocimientos y an\u00e1lisis de la innovaci\u00f3n en materia de contadur\u00eda<\/p>\n<\/li>\n<\/ul>\n<p dir=\"ltr\">Estudiantes de la Universidad Tecnol\u00f3gica del Norte de Aguascalientes fueron seleccionados para ocupar dos de las tres comisiones creadas en la Secci\u00f3n Estudiantil del Colegio de Contadores P\u00fablicos del Estado de Aguascalientes, para que alumnos de diferentes instituciones educativas ocupen un cargo que les permita obtener experiencia profesional.<\/p>\n<p dir=\"ltr\">\n<p dir=\"ltr\">Los alumnos que cursan el s\u00e9ptimo cuatrimestre en la licenciatura en Contadur\u00eda, Nancy Valdez Valdez y Juan\u00a0Mart\u00edn Nieves Salas, fungir\u00e1n como presidenta y secretario de la Comisi\u00f3n de Finanzas, respectivamente; las otras dos comisiones creadas son Auditor\u00eda, Normas de Informaci\u00f3n Financiera (NIF) y Costos, as\u00ed como Fiscal y Fiscal Internacional.<\/p>\n<p dir=\"ltr\">\n<p dir=\"ltr\">Al respecto, la rectora de la UTNA, Mar\u00eda Ang\u00e9lica Mart\u00ednez D\u00edaz, extendi\u00f3 su felicitaci\u00f3n a los alumnos elegidos por el Colegio de Contadores P\u00fablicos y destac\u00f3 que la capacitaci\u00f3n, adem\u00e1s de la integraci\u00f3n a un organismo profesional y con prestigio que les abrir\u00e1 camino en su vida laboral cuando egresen, son algunos de los beneficios que obtienen los dos estudiantes universitarios.<\/p>\n<p dir=\"ltr\">\n<p dir=\"ltr\">Se\u00f1al\u00f3 que algunas de los alumnos participar\u00e1n en las diferentes actividades que realiza la agrupaci\u00f3n, asimismo compartir\u00e1n experiencias y aprendizaje con representantes de otras universidades y con profesionales en el \u00e1rea, a trav\u00e9s de las sesiones que se llevan a cabo durante los fines de semana.<\/p>\n<p dir=\"ltr\">\n<p dir=\"ltr\">Finalmente, Mart\u00ednez D\u00edaz hizo hincapi\u00e9 en que la carrera de Contador P\u00fablico ha puesto en alto el nombre de la universidad, lo que habla bien de la calidad educativa del programa de estudios, as\u00ed como el nivel competitivo de los estudiantes y egresados.<\/p>\n<p dir=\"ltr\">\n<div class=\"yj6qo\"><img data-recalc-dims=\"1\" loading=\"lazy\" decoding=\"async\" class=\"alignnone size-medium wp-image-16869\" src=\"https:\/\/i0.wp.com\/informativoelvalledeaguascalientes.online\/wp-content\/uploads\/2021\/03\/Screenshot_20210301-225347_2-300x300.png?resize=300%2C300\" alt=\"\" width=\"300\" height=\"300\" srcset=\"https:\/\/i0.wp.com\/informativoelvalledeaguascalientes.online\/wp-content\/uploads\/2021\/03\/Screenshot_20210301-225347_2.png?resize=300%2C300&amp;ssl=1 300w, https:\/\/i0.wp.com\/informativoelvalledeaguascalientes.online\/wp-content\/uploads\/2021\/03\/Screenshot_20210301-225347_2.png?resize=1024%2C1022&amp;ssl=1 1024w, https:\/\/i0.wp.com\/informativoelvalledeaguascalientes.online\/wp-content\/uploads\/2021\/03\/Screenshot_20210301-225347_2.png?resize=150%2C150&amp;ssl=1 150w, https:\/\/i0.wp.com\/informativoelvalledeaguascalientes.online\/wp-content\/uploads\/2021\/03\/Screenshot_20210301-225347_2.png?resize=768%2C767&amp;ssl=1 768w, https:\/\/i0.wp.com\/informativoelvalledeaguascalientes.online\/wp-content\/uploads\/2021\/03\/Screenshot_20210301-225347_2.png?w=1080&amp;ssl=1 1080w\" sizes=\"auto, (max-width: 300px) 100vw, 300px\" \/><\/div>\n<div class=\"adL\"><\/div>\n<\/div>\n<div class=\"adL\"><\/div>\n<\/div>\n<\/div>\n<div id=\":19k\" class=\"hq gt\"><\/div>\n","protected":false},"excerpt":{"rendered":"<p>#informativoelvalledeaguascalientes , #novaradioaguascalientes Los estudiantes se integran a la Comisi\u00f3n de Finanzas de la Secci\u00f3n Estudiantil en los puestos de presidenta y secretario El organismo ofrece a los universitarios el intercambio de conocimientos y an\u00e1lisis de la innovaci\u00f3n en materia de contadur\u00eda Estudiantes de la Universidad Tecnol\u00f3gica del Norte de Aguascalientes fueron seleccionados para ocupar [&hellip;]<\/p>\n","protected":false},"author":1,"featured_media":16868,"comment_status":"closed","ping_status":"open","sticky":false,"template":"","format":"standard","meta":{"advanced_seo_description":"","jetpack_seo_html_title":"","jetpack_seo_noindex":false,"_jetpack_memberships_contains_paid_content":false,"footnotes":"","jetpack_publicize_message":"","jetpack_publicize_feature_enabled":true,"jetpack_social_post_already_shared":true,"jetpack_social_options":{"image_generator_settings":{"template":"highway","default_image_id":0,"font":"","enabled":false},"version":2}},"categories":[21,4],"tags":[22,48],"class_list":["post-16867","post","type-post","status-publish","format-standard","has-post-thumbnail","hentry","category-aguascalientes","category-gobierno-del-estado-aguascalientes","tag-aguascalientes","tag-utna"],"jetpack_publicize_connections":[],"jetpack_featured_media_url":"https:\/\/i0.wp.com\/informativoelvalledeaguascalientes.online\/wp-content\/uploads\/2021\/03\/Screenshot_20210301-225337_2.png?fit=1080%2C1061&ssl=1","jetpack-related-posts":[],"jetpack_sharing_enabled":true,"jetpack_likes_enabled":true,"_links":{"self":[{"href":"https:\/\/informativoelvalledeaguascalientes.online\/index.php?rest_route=\/wp\/v2\/posts\/16867","targetHints":{"allow":["GET"]}}],"collection":[{"href":"https:\/\/informativoelvalledeaguascalientes.online\/index.php?rest_route=\/wp\/v2\/posts"}],"about":[{"href":"https:\/\/informativoelvalledeaguascalientes.online\/index.php?rest_route=\/wp\/v2\/types\/post"}],"author":[{"embeddable":true,"href":"https:\/\/informativoelvalledeaguascalientes.online\/index.php?rest_route=\/wp\/v2\/users\/1"}],"replies":[{"embeddable":true,"href":"https:\/\/informativoelvalledeaguascalientes.online\/index.php?rest_route=%2Fwp%2Fv2%2Fcomments&post=16867"}],"version-history":[{"count":1,"href":"https:\/\/informativoelvalledeaguascalientes.online\/index.php?rest_route=\/wp\/v2\/posts\/16867\/revisions"}],"predecessor-version":[{"id":16870,"href":"https:\/\/informativoelvalledeaguascalientes.online\/index.php?rest_route=\/wp\/v2\/posts\/16867\/revisions\/16870"}],"wp:featuredmedia":[{"embeddable":true,"href":"https:\/\/informativoelvalledeaguascalientes.online\/index.php?rest_route=\/wp\/v2\/media\/16868"}],"wp:attachment":[{"href":"https:\/\/informativoelvalledeaguascalientes.online\/index.php?rest_route=%2Fwp%2Fv2%2Fmedia&parent=16867"}],"wp:term":[{"taxonomy":"category","embeddable":true,"href":"https:\/\/informativoelvalledeaguascalientes.online\/index.php?rest_route=%2Fwp%2Fv2%2Fcategories&post=16867"},{"taxonomy":"post_tag","embeddable":true,"href":"https:\/\/informativoelvalledeaguascalientes.online\/index.php?rest_route=%2Fwp%2Fv2%2Ftags&post=16867"}],"curies":[{"name":"wp","href":"https:\/\/api.w.org\/{rel}","templated":true}]}}